{"id":7399,"date":"2023-08-28T14:53:34","date_gmt":"2023-08-28T12:53:34","guid":{"rendered":"https:\/\/d-photography.org\/web\/?p=7399"},"modified":"2023-10-04T12:22:37","modified_gmt":"2023-10-04T10:22:37","slug":"werbeaufnahmen-von-sehenswuerdigkeiten-im-main-taunus-kreis-und-kreis-mainz-bingen","status":"publish","type":"post","link":"https:\/\/d-photography.org\/web\/werbeaufnahmen-von-sehenswuerdigkeiten-im-main-taunus-kreis-und-kreis-mainz-bingen\/","title":{"rendered":"Werbeaufnahmen von Sehensw\u00fcrdigkeiten im Main-Taunus-Kreis und Kreis Mainz-Bingen"},"content":{"rendered":"<section  class='av_textblock_section av-lnbllhaw-fc0b510bf4fe32955779d79bb965f7d4'  itemscope=\"itemscope\" itemtype=\"https:\/\/schema.org\/BlogPosting\" itemprop=\"blogPost\" ><div class='avia_textblock'  itemprop=\"text\" ><p>In den letzten Wochen war ich gleich f\u00fcr zwei Kunden in unterschiedlichen Ecken unterwegs und durfte Sehensw\u00fcrdigkeiten und besondere Orte fotografieren. Zum einen f\u00fcr den Main-Taunus-Verkehrsverbund ging es an sch\u00f6ne Stellen im Main-Taunus-Kreis, die auch mit \u00f6ffentlichen Verkehrsmitteln gut erreichbar sind. Hierbei kam auch immer wieder die Drohne zum Einsatz.<\/p>\n<p>Hier einige Impressionen:<\/p>\n<\/div><\/section>\n\n<style type=\"text\/css\" data-created_by=\"avia_inline_auto\" id=\"style-css-av-lnbln81r-45f344aca170b1bf09327b5e636988d7\">\n#top .avia-gallery.av-lnbln81r-45f344aca170b1bf09327b5e636988d7 .avia-gallery-thumb a{\nwidth:20%;\n}\n<\/style>\n<div  class='avia-gallery av-lnbln81r-45f344aca170b1bf09327b5e636988d7 avia_animate_when_visible  avia-builder-el-1  el_after_av_textblock  el_before_av_textblock  avia_lazyload avia-gallery-animate avia-gallery-1'  itemprop=\"image\" itemscope=\"itemscope\" itemtype=\"https:\/\/schema.org\/ImageObject\" ><div class='avia-gallery-thumb'> <a href=\"https:\/\/d-photography.org\/web\/wp-content\/uploads\/2023\/08\/Hochheim-Kirche-und-Weinberge-7-1030x687.jpg\" data-srcset=\"https:\/\/d-photography.org\/web\/wp-content\/uploads\/2023\/08\/Hochheim-Kirche-und-Weinberge-7-1030x687.jpg 1030w, https:\/\/d-photography.org\/web\/wp-content\/uploads\/2023\/08\/Hochheim-Kirche-und-Weinberge-7-300x200.jpg 300w, https:\/\/d-photography.org\/web\/wp-content\/uploads\/2023\/08\/Hochheim-Kirche-und-Weinberge-7-768x512.jpg 768w, https:\/\/d-photography.org\/web\/wp-content\/uploads\/2023\/08\/Hochheim-Kirche-und-Weinberge-7-1536x1024.jpg 1536w, https:\/\/d-photography.org\/web\/wp-content\/uploads\/2023\/08\/Hochheim-Kirche-und-Weinberge-7-1500x1000.jpg 1500w, https:\/\/d-photography.org\/web\/wp-content\/uploads\/2023\/08\/Hochheim-Kirche-und-Weinberge-7-705x470.jpg 705w, https:\/\/d-photography.org\/web\/wp-content\/uploads\/2023\/08\/Hochheim-Kirche-und-Weinberge-7.jpg 1920w\" data-sizes=\"(max-width: 1030px) 100vw, 1030px\" data-rel='gallery-1' data-prev-img='https:\/\/d-photography.org\/web\/wp-content\/uploads\/2023\/08\/Hochheim-Kirche-und-Weinberge-7-495x400.jpg' class='first_thumb lightbox ' data-onclick='1' title='Hochheim - Kirche und Weinberge-7'  itemprop=\"thumbnailUrl\"  ><img decoding=\"async\" class=\"wp-image-7405 avia-img-lazy-loading-not-7405\"   src=\"https:\/\/d-photography.org\/web\/wp-content\/uploads\/2023\/08\/Hochheim-Kirche-und-Weinberge-7-845x684.jpg\" width=\"845\" height=\"684\"  title='Hochheim - Kirche und Weinberge-7' alt='' srcset=\"https:\/\/d-photography.org\/web\/wp-content\/uploads\/2023\/08\/Hochheim-Kirche-und-Weinberge-7-845x684.jpg 845w, https:\/\/d-photography.org\/web\/wp-content\/uploads\/2023\/08\/Hochheim-Kirche-und-Weinberge-7-495x400.jpg 495w\" sizes=\"(max-width: 845px) 100vw, 845px\" \/><\/a> <a href=\"https:\/\/d-photography.org\/web\/wp-content\/uploads\/2023\/08\/Tierpark-Hattersheim-Neu-7-1030x687.jpg\" data-srcset=\"https:\/\/d-photography.org\/web\/wp-content\/uploads\/2023\/08\/Tierpark-Hattersheim-Neu-7-1030x687.jpg 1030w, https:\/\/d-photography.org\/web\/wp-content\/uploads\/2023\/08\/Tierpark-Hattersheim-Neu-7-300x200.jpg 300w, https:\/\/d-photography.org\/web\/wp-content\/uploads\/2023\/08\/Tierpark-Hattersheim-Neu-7-768x512.jpg 768w, https:\/\/d-photography.org\/web\/wp-content\/uploads\/2023\/08\/Tierpark-Hattersheim-Neu-7-1536x1024.jpg 1536w, https:\/\/d-photography.org\/web\/wp-content\/uploads\/2023\/08\/Tierpark-Hattersheim-Neu-7-1500x1000.jpg 1500w, https:\/\/d-photography.org\/web\/wp-content\/uploads\/2023\/08\/Tierpark-Hattersheim-Neu-7-705x470.jpg 705w, https:\/\/d-photography.org\/web\/wp-content\/uploads\/2023\/08\/Tierpark-Hattersheim-Neu-7.jpg 1920w\" data-sizes=\"(max-width: 1030px) 100vw, 1030px\" data-rel='gallery-1' data-prev-img='https:\/\/d-photography.org\/web\/wp-content\/uploads\/2023\/08\/Tierpark-Hattersheim-Neu-7-495x400.jpg' class='lightbox ' data-onclick='2' title='Tierpark Hattersheim Neu-7'  itemprop=\"thumbnailUrl\"  ><img decoding=\"async\" class=\"wp-image-7422 avia-img-lazy-loading-not-7422\"   src=\"https:\/\/d-photography.org\/web\/wp-content\/uploads\/2023\/08\/Tierpark-Hattersheim-Neu-7-845x684.jpg\" width=\"845\" height=\"684\"  title='Tierpark Hattersheim Neu-7' alt='' srcset=\"https:\/\/d-photography.org\/web\/wp-content\/uploads\/2023\/08\/Tierpark-Hattersheim-Neu-7-845x684.jpg 845w, https:\/\/d-photography.org\/web\/wp-content\/uploads\/2023\/08\/Tierpark-Hattersheim-Neu-7-495x400.jpg 495w\" sizes=\"(max-width: 845px) 100vw, 845px\" \/><\/a> <a href=\"https:\/\/d-photography.org\/web\/wp-content\/uploads\/2023\/08\/Stadtmitte-7-1030x687.jpg\" data-srcset=\"https:\/\/d-photography.org\/web\/wp-content\/uploads\/2023\/08\/Stadtmitte-7-1030x687.jpg 1030w, https:\/\/d-photography.org\/web\/wp-content\/uploads\/2023\/08\/Stadtmitte-7-300x200.jpg 300w, https:\/\/d-photography.org\/web\/wp-content\/uploads\/2023\/08\/Stadtmitte-7-768x512.jpg 768w, https:\/\/d-photography.org\/web\/wp-content\/uploads\/2023\/08\/Stadtmitte-7-1536x1024.jpg 1536w, https:\/\/d-photography.org\/web\/wp-content\/uploads\/2023\/08\/Stadtmitte-7-1500x1000.jpg 1500w, https:\/\/d-photography.org\/web\/wp-content\/uploads\/2023\/08\/Stadtmitte-7-705x470.jpg 705w, https:\/\/d-photography.org\/web\/wp-content\/uploads\/2023\/08\/Stadtmitte-7.jpg 1920w\" data-sizes=\"(max-width: 1030px) 100vw, 1030px\" data-rel='gallery-1' data-prev-img='https:\/\/d-photography.org\/web\/wp-content\/uploads\/2023\/08\/Stadtmitte-7-495x400.jpg' class='lightbox ' data-onclick='3' title='Stadtmitte-7'  itemprop=\"thumbnailUrl\"  ><img decoding=\"async\" class=\"wp-image-7421 avia-img-lazy-loading-not-7421\"   src=\"https:\/\/d-photography.org\/web\/wp-content\/uploads\/2023\/08\/Stadtmitte-7-845x684.jpg\" width=\"845\" height=\"684\"  title='Stadtmitte-7' alt='' srcset=\"https:\/\/d-photography.org\/web\/wp-content\/uploads\/2023\/08\/Stadtmitte-7-845x684.jpg 845w, https:\/\/d-photography.org\/web\/wp-content\/uploads\/2023\/08\/Stadtmitte-7-495x400.jpg 495w\" sizes=\"(max-width: 845px) 100vw, 845px\" \/><\/a> <a href=\"https:\/\/d-photography.org\/web\/wp-content\/uploads\/2023\/08\/Stadtmitte-4-1030x687.jpg\" data-srcset=\"https:\/\/d-photography.org\/web\/wp-content\/uploads\/2023\/08\/Stadtmitte-4-1030x687.jpg 1030w, https:\/\/d-photography.org\/web\/wp-content\/uploads\/2023\/08\/Stadtmitte-4-300x200.jpg 300w, https:\/\/d-photography.org\/web\/wp-content\/uploads\/2023\/08\/Stadtmitte-4-768x512.jpg 768w, https:\/\/d-photography.org\/web\/wp-content\/uploads\/2023\/08\/Stadtmitte-4-1536x1024.jpg 1536w, https:\/\/d-photography.org\/web\/wp-content\/uploads\/2023\/08\/Stadtmitte-4-1500x1000.jpg 1500w, https:\/\/d-photography.org\/web\/wp-content\/uploads\/2023\/08\/Stadtmitte-4-705x470.jpg 705w, https:\/\/d-photography.org\/web\/wp-content\/uploads\/2023\/08\/Stadtmitte-4.jpg 1920w\" data-sizes=\"(max-width: 1030px) 100vw, 1030px\" data-rel='gallery-1' data-prev-img='https:\/\/d-photography.org\/web\/wp-content\/uploads\/2023\/08\/Stadtmitte-4-495x400.jpg' class='lightbox ' data-onclick='4' title='Stadtmitte-4'  itemprop=\"thumbnailUrl\"  ><img decoding=\"async\" class=\"wp-image-7420 avia-img-lazy-loading-not-7420\"   src=\"https:\/\/d-photography.org\/web\/wp-content\/uploads\/2023\/08\/Stadtmitte-4-845x684.jpg\" width=\"845\" height=\"684\"  title='Stadtmitte-4' alt='' srcset=\"https:\/\/d-photography.org\/web\/wp-content\/uploads\/2023\/08\/Stadtmitte-4-845x684.jpg 845w, https:\/\/d-photography.org\/web\/wp-content\/uploads\/2023\/08\/Stadtmitte-4-495x400.jpg 495w\" sizes=\"(max-width: 845px) 100vw, 845px\" \/><\/a> <a href=\"https:\/\/d-photography.org\/web\/wp-content\/uploads\/2023\/08\/Stadtmitte-2-1030x687.jpg\" data-srcset=\"https:\/\/d-photography.org\/web\/wp-content\/uploads\/2023\/08\/Stadtmitte-2-1030x687.jpg 1030w, https:\/\/d-photography.org\/web\/wp-content\/uploads\/2023\/08\/Stadtmitte-2-300x200.jpg 300w, https:\/\/d-photography.org\/web\/wp-content\/uploads\/2023\/08\/Stadtmitte-2-768x512.jpg 768w, https:\/\/d-photography.org\/web\/wp-content\/uploads\/2023\/08\/Stadtmitte-2-1536x1024.jpg 1536w, https:\/\/d-photography.org\/web\/wp-content\/uploads\/2023\/08\/Stadtmitte-2-1500x1000.jpg 1500w, https:\/\/d-photography.org\/web\/wp-content\/uploads\/2023\/08\/Stadtmitte-2-705x470.jpg 705w, https:\/\/d-photography.org\/web\/wp-content\/uploads\/2023\/08\/Stadtmitte-2.jpg 1920w\" data-sizes=\"(max-width: 1030px) 100vw, 1030px\" data-rel='gallery-1' data-prev-img='https:\/\/d-photography.org\/web\/wp-content\/uploads\/2023\/08\/Stadtmitte-2-495x400.jpg' class='lightbox ' data-onclick='5' title='Stadtmitte-2'  itemprop=\"thumbnailUrl\"  ><img decoding=\"async\" class=\"wp-image-7419 avia-img-lazy-loading-not-7419\"   src=\"https:\/\/d-photography.org\/web\/wp-content\/uploads\/2023\/08\/Stadtmitte-2-845x684.jpg\" width=\"845\" height=\"684\"  title='Stadtmitte-2' alt='' srcset=\"https:\/\/d-photography.org\/web\/wp-content\/uploads\/2023\/08\/Stadtmitte-2-845x684.jpg 845w, https:\/\/d-photography.org\/web\/wp-content\/uploads\/2023\/08\/Stadtmitte-2-495x400.jpg 495w\" sizes=\"(max-width: 845px) 100vw, 845px\" \/><\/a> <a href=\"https:\/\/d-photography.org\/web\/wp-content\/uploads\/2023\/08\/Stadtmitte-Hofheim-Neu-7-1030x687.jpg\" data-srcset=\"https:\/\/d-photography.org\/web\/wp-content\/uploads\/2023\/08\/Stadtmitte-Hofheim-Neu-7-1030x687.jpg 1030w, https:\/\/d-photography.org\/web\/wp-content\/uploads\/2023\/08\/Stadtmitte-Hofheim-Neu-7-300x200.jpg 300w, https:\/\/d-photography.org\/web\/wp-content\/uploads\/2023\/08\/Stadtmitte-Hofheim-Neu-7-768x512.jpg 768w, https:\/\/d-photography.org\/web\/wp-content\/uploads\/2023\/08\/Stadtmitte-Hofheim-Neu-7-1536x1024.jpg 1536w, https:\/\/d-photography.org\/web\/wp-content\/uploads\/2023\/08\/Stadtmitte-Hofheim-Neu-7-1500x1000.jpg 1500w, https:\/\/d-photography.org\/web\/wp-content\/uploads\/2023\/08\/Stadtmitte-Hofheim-Neu-7-705x470.jpg 705w, https:\/\/d-photography.org\/web\/wp-content\/uploads\/2023\/08\/Stadtmitte-Hofheim-Neu-7.jpg 1920w\" data-sizes=\"(max-width: 1030px) 100vw, 1030px\" data-rel='gallery-1' data-prev-img='https:\/\/d-photography.org\/web\/wp-content\/uploads\/2023\/08\/Stadtmitte-Hofheim-Neu-7-495x400.jpg' class='first_thumb lightbox ' data-onclick='6' title='Stadtmitte Hofheim Neu-7'  itemprop=\"thumbnailUrl\"  ><img decoding=\"async\" class=\"wp-image-7418 avia-img-lazy-loading-not-7418\"   src=\"https:\/\/d-photography.org\/web\/wp-content\/uploads\/2023\/08\/Stadtmitte-Hofheim-Neu-7-845x684.jpg\" width=\"845\" height=\"684\"  title='Stadtmitte Hofheim Neu-7' alt='' srcset=\"https:\/\/d-photography.org\/web\/wp-content\/uploads\/2023\/08\/Stadtmitte-Hofheim-Neu-7-845x684.jpg 845w, https:\/\/d-photography.org\/web\/wp-content\/uploads\/2023\/08\/Stadtmitte-Hofheim-Neu-7-495x400.jpg 495w\" sizes=\"(max-width: 845px) 100vw, 845px\" \/><\/a> <a href=\"https:\/\/d-photography.org\/web\/wp-content\/uploads\/2023\/08\/Skulpturenpark-25-1030x687.jpg\" data-srcset=\"https:\/\/d-photography.org\/web\/wp-content\/uploads\/2023\/08\/Skulpturenpark-25-1030x687.jpg 1030w, https:\/\/d-photography.org\/web\/wp-content\/uploads\/2023\/08\/Skulpturenpark-25-300x200.jpg 300w, https:\/\/d-photography.org\/web\/wp-content\/uploads\/2023\/08\/Skulpturenpark-25-768x512.jpg 768w, https:\/\/d-photography.org\/web\/wp-content\/uploads\/2023\/08\/Skulpturenpark-25-1536x1024.jpg 1536w, https:\/\/d-photography.org\/web\/wp-content\/uploads\/2023\/08\/Skulpturenpark-25-1500x1000.jpg 1500w, https:\/\/d-photography.org\/web\/wp-content\/uploads\/2023\/08\/Skulpturenpark-25-705x470.jpg 705w, https:\/\/d-photography.org\/web\/wp-content\/uploads\/2023\/08\/Skulpturenpark-25.jpg 1920w\" data-sizes=\"(max-width: 1030px) 100vw, 1030px\" data-rel='gallery-1' data-prev-img='https:\/\/d-photography.org\/web\/wp-content\/uploads\/2023\/08\/Skulpturenpark-25-495x400.jpg' class='lightbox ' data-onclick='7' title='Skulpturenpark-25'  itemprop=\"thumbnailUrl\"  ><img decoding=\"async\" class=\"wp-image-7417 avia-img-lazy-loading-not-7417\"   src=\"https:\/\/d-photography.org\/web\/wp-content\/uploads\/2023\/08\/Skulpturenpark-25-845x684.jpg\" width=\"845\" height=\"684\"  title='Skulpturenpark-25' alt='' srcset=\"https:\/\/d-photography.org\/web\/wp-content\/uploads\/2023\/08\/Skulpturenpark-25-845x684.jpg 845w, https:\/\/d-photography.org\/web\/wp-content\/uploads\/2023\/08\/Skulpturenpark-25-495x400.jpg 495w\" sizes=\"(max-width: 845px) 100vw, 845px\" \/><\/a> <a href=\"https:\/\/d-photography.org\/web\/wp-content\/uploads\/2023\/08\/Freibad-Kelkheim-22-1030x686.jpg\" data-srcset=\"https:\/\/d-photography.org\/web\/wp-content\/uploads\/2023\/08\/Freibad-Kelkheim-22-1030x686.jpg 1030w, https:\/\/d-photography.org\/web\/wp-content\/uploads\/2023\/08\/Freibad-Kelkheim-22-300x200.jpg 300w, https:\/\/d-photography.org\/web\/wp-content\/uploads\/2023\/08\/Freibad-Kelkheim-22-768x512.jpg 768w, https:\/\/d-photography.org\/web\/wp-content\/uploads\/2023\/08\/Freibad-Kelkheim-22-1536x1023.jpg 1536w, https:\/\/d-photography.org\/web\/wp-content\/uploads\/2023\/08\/Freibad-Kelkheim-22-1500x999.jpg 1500w, https:\/\/d-photography.org\/web\/wp-content\/uploads\/2023\/08\/Freibad-Kelkheim-22-705x470.jpg 705w, https:\/\/d-photography.org\/web\/wp-content\/uploads\/2023\/08\/Freibad-Kelkheim-22.jpg 1920w\" data-sizes=\"(max-width: 1030px) 100vw, 1030px\" data-rel='gallery-1' data-prev-img='https:\/\/d-photography.org\/web\/wp-content\/uploads\/2023\/08\/Freibad-Kelkheim-22-495x400.jpg' class='lightbox ' data-onclick='8' title='Freibad Kelkheim-22'  itemprop=\"thumbnailUrl\"  ><img decoding=\"async\" class=\"wp-image-7403 avia-img-lazy-loading-not-7403\"   src=\"https:\/\/d-photography.org\/web\/wp-content\/uploads\/2023\/08\/Freibad-Kelkheim-22-845x684.jpg\" width=\"845\" height=\"684\"  title='Freibad Kelkheim-22' alt='' srcset=\"https:\/\/d-photography.org\/web\/wp-content\/uploads\/2023\/08\/Freibad-Kelkheim-22-845x684.jpg 845w, https:\/\/d-photography.org\/web\/wp-content\/uploads\/2023\/08\/Freibad-Kelkheim-22-495x400.jpg 495w\" sizes=\"(max-width: 845px) 100vw, 845px\" \/><\/a> <a href=\"https:\/\/d-photography.org\/web\/wp-content\/uploads\/2023\/08\/Skulpturenpark-9-1030x687.jpg\" data-srcset=\"https:\/\/d-photography.org\/web\/wp-content\/uploads\/2023\/08\/Skulpturenpark-9-1030x687.jpg 1030w, https:\/\/d-photography.org\/web\/wp-content\/uploads\/2023\/08\/Skulpturenpark-9-300x200.jpg 300w, https:\/\/d-photography.org\/web\/wp-content\/uploads\/2023\/08\/Skulpturenpark-9-768x512.jpg 768w, https:\/\/d-photography.org\/web\/wp-content\/uploads\/2023\/08\/Skulpturenpark-9-1536x1024.jpg 1536w, https:\/\/d-photography.org\/web\/wp-content\/uploads\/2023\/08\/Skulpturenpark-9-1500x1000.jpg 1500w, https:\/\/d-photography.org\/web\/wp-content\/uploads\/2023\/08\/Skulpturenpark-9-705x470.jpg 705w, https:\/\/d-photography.org\/web\/wp-content\/uploads\/2023\/08\/Skulpturenpark-9.jpg 1920w\" data-sizes=\"(max-width: 1030px) 100vw, 1030px\" data-rel='gallery-1' data-prev-img='https:\/\/d-photography.org\/web\/wp-content\/uploads\/2023\/08\/Skulpturenpark-9-495x400.jpg' class='lightbox ' data-onclick='9' title='Skulpturenpark-9'  itemprop=\"thumbnailUrl\"  ><img decoding=\"async\" class=\"wp-image-7416 avia-img-lazy-loading-not-7416\"   src=\"https:\/\/d-photography.org\/web\/wp-content\/uploads\/2023\/08\/Skulpturenpark-9-845x684.jpg\" width=\"845\" height=\"684\"  title='Skulpturenpark-9' alt='' srcset=\"https:\/\/d-photography.org\/web\/wp-content\/uploads\/2023\/08\/Skulpturenpark-9-845x684.jpg 845w, https:\/\/d-photography.org\/web\/wp-content\/uploads\/2023\/08\/Skulpturenpark-9-495x400.jpg 495w\" sizes=\"(max-width: 845px) 100vw, 845px\" \/><\/a> <a href=\"https:\/\/d-photography.org\/web\/wp-content\/uploads\/2023\/08\/Rettershof-6-1030x687.jpg\" data-srcset=\"https:\/\/d-photography.org\/web\/wp-content\/uploads\/2023\/08\/Rettershof-6-1030x687.jpg 1030w, https:\/\/d-photography.org\/web\/wp-content\/uploads\/2023\/08\/Rettershof-6-300x200.jpg 300w, https:\/\/d-photography.org\/web\/wp-content\/uploads\/2023\/08\/Rettershof-6-768x512.jpg 768w, https:\/\/d-photography.org\/web\/wp-content\/uploads\/2023\/08\/Rettershof-6-1536x1024.jpg 1536w, https:\/\/d-photography.org\/web\/wp-content\/uploads\/2023\/08\/Rettershof-6-1500x1000.jpg 1500w, https:\/\/d-photography.org\/web\/wp-content\/uploads\/2023\/08\/Rettershof-6-705x470.jpg 705w, https:\/\/d-photography.org\/web\/wp-content\/uploads\/2023\/08\/Rettershof-6.jpg 1920w\" data-sizes=\"(max-width: 1030px) 100vw, 1030px\" data-rel='gallery-1' data-prev-img='https:\/\/d-photography.org\/web\/wp-content\/uploads\/2023\/08\/Rettershof-6-495x400.jpg' class='lightbox ' data-onclick='10' title='Rettershof-6'  itemprop=\"thumbnailUrl\"  ><img decoding=\"async\" class=\"wp-image-7415 avia-img-lazy-loading-not-7415\"   src=\"https:\/\/d-photography.org\/web\/wp-content\/uploads\/2023\/08\/Rettershof-6-845x684.jpg\" width=\"845\" height=\"684\"  title='Rettershof-6' alt='' srcset=\"https:\/\/d-photography.org\/web\/wp-content\/uploads\/2023\/08\/Rettershof-6-845x684.jpg 845w, https:\/\/d-photography.org\/web\/wp-content\/uploads\/2023\/08\/Rettershof-6-495x400.jpg 495w\" sizes=\"(max-width: 845px) 100vw, 845px\" \/><\/a> <a href=\"https:\/\/d-photography.org\/web\/wp-content\/uploads\/2023\/08\/Regionalpark-10-1030x687.jpg\" data-srcset=\"https:\/\/d-photography.org\/web\/wp-content\/uploads\/2023\/08\/Regionalpark-10-1030x687.jpg 1030w, https:\/\/d-photography.org\/web\/wp-content\/uploads\/2023\/08\/Regionalpark-10-300x200.jpg 300w, https:\/\/d-photography.org\/web\/wp-content\/uploads\/2023\/08\/Regionalpark-10-768x512.jpg 768w, https:\/\/d-photography.org\/web\/wp-content\/uploads\/2023\/08\/Regionalpark-10-1536x1024.jpg 1536w, https:\/\/d-photography.org\/web\/wp-content\/uploads\/2023\/08\/Regionalpark-10-1500x1000.jpg 1500w, https:\/\/d-photography.org\/web\/wp-content\/uploads\/2023\/08\/Regionalpark-10-705x470.jpg 705w, https:\/\/d-photography.org\/web\/wp-content\/uploads\/2023\/08\/Regionalpark-10.jpg 1920w\" data-sizes=\"(max-width: 1030px) 100vw, 1030px\" data-rel='gallery-1' data-prev-img='https:\/\/d-photography.org\/web\/wp-content\/uploads\/2023\/08\/Regionalpark-10-495x400.jpg' class='first_thumb lightbox ' data-onclick='11' title='Regionalpark-10'  itemprop=\"thumbnailUrl\"  ><img decoding=\"async\" class=\"wp-image-7414 avia-img-lazy-loading-not-7414\"   src=\"https:\/\/d-photography.org\/web\/wp-content\/uploads\/2023\/08\/Regionalpark-10-845x684.jpg\" width=\"845\" height=\"684\"  title='Regionalpark-10' alt='' srcset=\"https:\/\/d-photography.org\/web\/wp-content\/uploads\/2023\/08\/Regionalpark-10-845x684.jpg 845w, https:\/\/d-photography.org\/web\/wp-content\/uploads\/2023\/08\/Regionalpark-10-495x400.jpg 495w\" sizes=\"(max-width: 845px) 100vw, 845px\" \/><\/a> <a href=\"https:\/\/d-photography.org\/web\/wp-content\/uploads\/2023\/08\/Quellenpark-11-1030x687.jpg\" data-srcset=\"https:\/\/d-photography.org\/web\/wp-content\/uploads\/2023\/08\/Quellenpark-11-1030x687.jpg 1030w, https:\/\/d-photography.org\/web\/wp-content\/uploads\/2023\/08\/Quellenpark-11-300x200.jpg 300w, https:\/\/d-photography.org\/web\/wp-content\/uploads\/2023\/08\/Quellenpark-11-768x512.jpg 768w, https:\/\/d-photography.org\/web\/wp-content\/uploads\/2023\/08\/Quellenpark-11-1536x1024.jpg 1536w, https:\/\/d-photography.org\/web\/wp-content\/uploads\/2023\/08\/Quellenpark-11-1500x1000.jpg 1500w, https:\/\/d-photography.org\/web\/wp-content\/uploads\/2023\/08\/Quellenpark-11-705x470.jpg 705w, https:\/\/d-photography.org\/web\/wp-content\/uploads\/2023\/08\/Quellenpark-11.jpg 1920w\" data-sizes=\"(max-width: 1030px) 100vw, 1030px\" data-rel='gallery-1' data-prev-img='https:\/\/d-photography.org\/web\/wp-content\/uploads\/2023\/08\/Quellenpark-11-495x400.jpg' class='lightbox ' data-onclick='12' title='Quellenpark-11'  itemprop=\"thumbnailUrl\"  ><img decoding=\"async\" class=\"wp-image-7413 avia-img-lazy-loading-not-7413\"   src=\"https:\/\/d-photography.org\/web\/wp-content\/uploads\/2023\/08\/Quellenpark-11-845x684.jpg\" width=\"845\" height=\"684\"  title='Quellenpark-11' alt='' srcset=\"https:\/\/d-photography.org\/web\/wp-content\/uploads\/2023\/08\/Quellenpark-11-845x684.jpg 845w, https:\/\/d-photography.org\/web\/wp-content\/uploads\/2023\/08\/Quellenpark-11-495x400.jpg 495w\" sizes=\"(max-width: 845px) 100vw, 845px\" \/><\/a> <a href=\"https:\/\/d-photography.org\/web\/wp-content\/uploads\/2023\/08\/Parkbad-23-1030x687.jpg\" data-srcset=\"https:\/\/d-photography.org\/web\/wp-content\/uploads\/2023\/08\/Parkbad-23-1030x687.jpg 1030w, https:\/\/d-photography.org\/web\/wp-content\/uploads\/2023\/08\/Parkbad-23-300x200.jpg 300w, https:\/\/d-photography.org\/web\/wp-content\/uploads\/2023\/08\/Parkbad-23-768x512.jpg 768w, https:\/\/d-photography.org\/web\/wp-content\/uploads\/2023\/08\/Parkbad-23-1536x1024.jpg 1536w, https:\/\/d-photography.org\/web\/wp-content\/uploads\/2023\/08\/Parkbad-23-1500x1000.jpg 1500w, https:\/\/d-photography.org\/web\/wp-content\/uploads\/2023\/08\/Parkbad-23-705x470.jpg 705w, https:\/\/d-photography.org\/web\/wp-content\/uploads\/2023\/08\/Parkbad-23.jpg 1920w\" data-sizes=\"(max-width: 1030px) 100vw, 1030px\" data-rel='gallery-1' data-prev-img='https:\/\/d-photography.org\/web\/wp-content\/uploads\/2023\/08\/Parkbad-23-495x400.jpg' class='lightbox ' data-onclick='13' title='Parkbad-23'  itemprop=\"thumbnailUrl\"  ><img decoding=\"async\" class=\"wp-image-7412 avia-img-lazy-loading-not-7412\"   src=\"https:\/\/d-photography.org\/web\/wp-content\/uploads\/2023\/08\/Parkbad-23-845x684.jpg\" width=\"845\" height=\"684\"  title='Parkbad-23' alt='' srcset=\"https:\/\/d-photography.org\/web\/wp-content\/uploads\/2023\/08\/Parkbad-23-845x684.jpg 845w, https:\/\/d-photography.org\/web\/wp-content\/uploads\/2023\/08\/Parkbad-23-495x400.jpg 495w\" sizes=\"(max-width: 845px) 100vw, 845px\" \/><\/a> <a href=\"https:\/\/d-photography.org\/web\/wp-content\/uploads\/2023\/08\/Parkbad-6-1030x687.jpg\" data-srcset=\"https:\/\/d-photography.org\/web\/wp-content\/uploads\/2023\/08\/Parkbad-6-1030x687.jpg 1030w, https:\/\/d-photography.org\/web\/wp-content\/uploads\/2023\/08\/Parkbad-6-300x200.jpg 300w, https:\/\/d-photography.org\/web\/wp-content\/uploads\/2023\/08\/Parkbad-6-768x512.jpg 768w, https:\/\/d-photography.org\/web\/wp-content\/uploads\/2023\/08\/Parkbad-6-1536x1024.jpg 1536w, https:\/\/d-photography.org\/web\/wp-content\/uploads\/2023\/08\/Parkbad-6-1500x1000.jpg 1500w, https:\/\/d-photography.org\/web\/wp-content\/uploads\/2023\/08\/Parkbad-6-705x470.jpg 705w, https:\/\/d-photography.org\/web\/wp-content\/uploads\/2023\/08\/Parkbad-6.jpg 1920w\" data-sizes=\"(max-width: 1030px) 100vw, 1030px\" data-rel='gallery-1' data-prev-img='https:\/\/d-photography.org\/web\/wp-content\/uploads\/2023\/08\/Parkbad-6-495x400.jpg' class='lightbox ' data-onclick='14' title='Parkbad-6'  itemprop=\"thumbnailUrl\"  ><img decoding=\"async\" class=\"wp-image-7411 avia-img-lazy-loading-not-7411\"   src=\"https:\/\/d-photography.org\/web\/wp-content\/uploads\/2023\/08\/Parkbad-6-845x684.jpg\" width=\"845\" height=\"684\"  title='Parkbad-6' alt='' srcset=\"https:\/\/d-photography.org\/web\/wp-content\/uploads\/2023\/08\/Parkbad-6-845x684.jpg 845w, https:\/\/d-photography.org\/web\/wp-content\/uploads\/2023\/08\/Parkbad-6-495x400.jpg 495w\" sizes=\"(max-width: 845px) 100vw, 845px\" \/><\/a> <a href=\"https:\/\/d-photography.org\/web\/wp-content\/uploads\/2023\/08\/Panoramaweg-Eppstein-9-1030x687.jpg\" data-srcset=\"https:\/\/d-photography.org\/web\/wp-content\/uploads\/2023\/08\/Panoramaweg-Eppstein-9-1030x687.jpg 1030w, https:\/\/d-photography.org\/web\/wp-content\/uploads\/2023\/08\/Panoramaweg-Eppstein-9-300x200.jpg 300w, https:\/\/d-photography.org\/web\/wp-content\/uploads\/2023\/08\/Panoramaweg-Eppstein-9-768x512.jpg 768w, https:\/\/d-photography.org\/web\/wp-content\/uploads\/2023\/08\/Panoramaweg-Eppstein-9-1536x1024.jpg 1536w, https:\/\/d-photography.org\/web\/wp-content\/uploads\/2023\/08\/Panoramaweg-Eppstein-9-1500x1000.jpg 1500w, https:\/\/d-photography.org\/web\/wp-content\/uploads\/2023\/08\/Panoramaweg-Eppstein-9-705x470.jpg 705w, https:\/\/d-photography.org\/web\/wp-content\/uploads\/2023\/08\/Panoramaweg-Eppstein-9.jpg 1920w\" data-sizes=\"(max-width: 1030px) 100vw, 1030px\" data-rel='gallery-1' data-prev-img='https:\/\/d-photography.org\/web\/wp-content\/uploads\/2023\/08\/Panoramaweg-Eppstein-9-495x400.jpg' class='lightbox ' data-onclick='15' title='Panoramaweg Eppstein-9'  itemprop=\"thumbnailUrl\"  ><img decoding=\"async\" class=\"wp-image-7410 avia-img-lazy-loading-not-7410\"   src=\"https:\/\/d-photography.org\/web\/wp-content\/uploads\/2023\/08\/Panoramaweg-Eppstein-9-845x684.jpg\" width=\"845\" height=\"684\"  title='Panoramaweg Eppstein-9' alt='' srcset=\"https:\/\/d-photography.org\/web\/wp-content\/uploads\/2023\/08\/Panoramaweg-Eppstein-9-845x684.jpg 845w, https:\/\/d-photography.org\/web\/wp-content\/uploads\/2023\/08\/Panoramaweg-Eppstein-9-495x400.jpg 495w\" sizes=\"(max-width: 845px) 100vw, 845px\" \/><\/a> <a href=\"https:\/\/d-photography.org\/web\/wp-content\/uploads\/2023\/08\/Naturbad-Schwalbach-Neu-44-1030x686.jpg\" data-srcset=\"https:\/\/d-photography.org\/web\/wp-content\/uploads\/2023\/08\/Naturbad-Schwalbach-Neu-44-1030x686.jpg 1030w, https:\/\/d-photography.org\/web\/wp-content\/uploads\/2023\/08\/Naturbad-Schwalbach-Neu-44-300x200.jpg 300w, https:\/\/d-photography.org\/web\/wp-content\/uploads\/2023\/08\/Naturbad-Schwalbach-Neu-44-768x512.jpg 768w, https:\/\/d-photography.org\/web\/wp-content\/uploads\/2023\/08\/Naturbad-Schwalbach-Neu-44-1536x1023.jpg 1536w, https:\/\/d-photography.org\/web\/wp-content\/uploads\/2023\/08\/Naturbad-Schwalbach-Neu-44-1500x999.jpg 1500w, https:\/\/d-photography.org\/web\/wp-content\/uploads\/2023\/08\/Naturbad-Schwalbach-Neu-44-705x470.jpg 705w, https:\/\/d-photography.org\/web\/wp-content\/uploads\/2023\/08\/Naturbad-Schwalbach-Neu-44.jpg 1920w\" data-sizes=\"(max-width: 1030px) 100vw, 1030px\" data-rel='gallery-1' data-prev-img='https:\/\/d-photography.org\/web\/wp-content\/uploads\/2023\/08\/Naturbad-Schwalbach-Neu-44-495x400.jpg' class='first_thumb lightbox ' data-onclick='16' title='Naturbad Schwalbach Neu-44'  itemprop=\"thumbnailUrl\"  ><img decoding=\"async\" class=\"wp-image-7409 avia-img-lazy-loading-not-7409\"   src=\"https:\/\/d-photography.org\/web\/wp-content\/uploads\/2023\/08\/Naturbad-Schwalbach-Neu-44-845x684.jpg\" width=\"845\" height=\"684\"  title='Naturbad Schwalbach Neu-44' alt='' srcset=\"https:\/\/d-photography.org\/web\/wp-content\/uploads\/2023\/08\/Naturbad-Schwalbach-Neu-44-845x684.jpg 845w, https:\/\/d-photography.org\/web\/wp-content\/uploads\/2023\/08\/Naturbad-Schwalbach-Neu-44-495x400.jpg 495w\" sizes=\"(max-width: 845px) 100vw, 845px\" \/><\/a> <a href=\"https:\/\/d-photography.org\/web\/wp-content\/uploads\/2023\/08\/Museum-9-1030x687.jpg\" data-srcset=\"https:\/\/d-photography.org\/web\/wp-content\/uploads\/2023\/08\/Museum-9-1030x687.jpg 1030w, https:\/\/d-photography.org\/web\/wp-content\/uploads\/2023\/08\/Museum-9-300x200.jpg 300w, https:\/\/d-photography.org\/web\/wp-content\/uploads\/2023\/08\/Museum-9-768x512.jpg 768w, https:\/\/d-photography.org\/web\/wp-content\/uploads\/2023\/08\/Museum-9-1536x1024.jpg 1536w, https:\/\/d-photography.org\/web\/wp-content\/uploads\/2023\/08\/Museum-9-1500x1000.jpg 1500w, https:\/\/d-photography.org\/web\/wp-content\/uploads\/2023\/08\/Museum-9-705x470.jpg 705w, https:\/\/d-photography.org\/web\/wp-content\/uploads\/2023\/08\/Museum-9.jpg 1920w\" data-sizes=\"(max-width: 1030px) 100vw, 1030px\" data-rel='gallery-1' data-prev-img='https:\/\/d-photography.org\/web\/wp-content\/uploads\/2023\/08\/Museum-9-495x400.jpg' class='lightbox ' data-onclick='17' title='Museum-9'  itemprop=\"thumbnailUrl\"  ><img decoding=\"async\" class=\"wp-image-7408 avia-img-lazy-loading-not-7408\"   src=\"https:\/\/d-photography.org\/web\/wp-content\/uploads\/2023\/08\/Museum-9-845x684.jpg\" width=\"845\" height=\"684\"  title='Museum-9' alt='' srcset=\"https:\/\/d-photography.org\/web\/wp-content\/uploads\/2023\/08\/Museum-9-845x684.jpg 845w, https:\/\/d-photography.org\/web\/wp-content\/uploads\/2023\/08\/Museum-9-495x400.jpg 495w\" sizes=\"(max-width: 845px) 100vw, 845px\" \/><\/a> <a href=\"https:\/\/d-photography.org\/web\/wp-content\/uploads\/2023\/08\/Freibad-Kelkheim-15-1030x687.jpg\" data-srcset=\"https:\/\/d-photography.org\/web\/wp-content\/uploads\/2023\/08\/Freibad-Kelkheim-15-1030x687.jpg 1030w, https:\/\/d-photography.org\/web\/wp-content\/uploads\/2023\/08\/Freibad-Kelkheim-15-300x200.jpg 300w, https:\/\/d-photography.org\/web\/wp-content\/uploads\/2023\/08\/Freibad-Kelkheim-15-768x512.jpg 768w, https:\/\/d-photography.org\/web\/wp-content\/uploads\/2023\/08\/Freibad-Kelkheim-15-1536x1024.jpg 1536w, https:\/\/d-photography.org\/web\/wp-content\/uploads\/2023\/08\/Freibad-Kelkheim-15-1500x1000.jpg 1500w, https:\/\/d-photography.org\/web\/wp-content\/uploads\/2023\/08\/Freibad-Kelkheim-15-705x470.jpg 705w, https:\/\/d-photography.org\/web\/wp-content\/uploads\/2023\/08\/Freibad-Kelkheim-15.jpg 1920w\" data-sizes=\"(max-width: 1030px) 100vw, 1030px\" data-rel='gallery-1' data-prev-img='https:\/\/d-photography.org\/web\/wp-content\/uploads\/2023\/08\/Freibad-Kelkheim-15-495x400.jpg' class='lightbox ' data-onclick='18' title='Freibad Kelkheim-15'  itemprop=\"thumbnailUrl\"  ><img decoding=\"async\" class=\"wp-image-7402 avia-img-lazy-loading-not-7402\"   src=\"https:\/\/d-photography.org\/web\/wp-content\/uploads\/2023\/08\/Freibad-Kelkheim-15-845x684.jpg\" width=\"845\" height=\"684\"  title='Freibad Kelkheim-15' alt='' srcset=\"https:\/\/d-photography.org\/web\/wp-content\/uploads\/2023\/08\/Freibad-Kelkheim-15-845x684.jpg 845w, https:\/\/d-photography.org\/web\/wp-content\/uploads\/2023\/08\/Freibad-Kelkheim-15-495x400.jpg 495w\" sizes=\"(max-width: 845px) 100vw, 845px\" \/><\/a> <a href=\"https:\/\/d-photography.org\/web\/wp-content\/uploads\/2023\/08\/Hochheim-Kirche-und-Weinberge-15-1030x773.jpg\" data-srcset=\"https:\/\/d-photography.org\/web\/wp-content\/uploads\/2023\/08\/Hochheim-Kirche-und-Weinberge-15-1030x773.jpg 1030w, https:\/\/d-photography.org\/web\/wp-content\/uploads\/2023\/08\/Hochheim-Kirche-und-Weinberge-15-300x225.jpg 300w, https:\/\/d-photography.org\/web\/wp-content\/uploads\/2023\/08\/Hochheim-Kirche-und-Weinberge-15-768x576.jpg 768w, https:\/\/d-photography.org\/web\/wp-content\/uploads\/2023\/08\/Hochheim-Kirche-und-Weinberge-15-1536x1152.jpg 1536w, https:\/\/d-photography.org\/web\/wp-content\/uploads\/2023\/08\/Hochheim-Kirche-und-Weinberge-15-1500x1125.jpg 1500w, https:\/\/d-photography.org\/web\/wp-content\/uploads\/2023\/08\/Hochheim-Kirche-und-Weinberge-15-705x529.jpg 705w, https:\/\/d-photography.org\/web\/wp-content\/uploads\/2023\/08\/Hochheim-Kirche-und-Weinberge-15.jpg 1920w\" data-sizes=\"(max-width: 1030px) 100vw, 1030px\" data-rel='gallery-1' data-prev-img='https:\/\/d-photography.org\/web\/wp-content\/uploads\/2023\/08\/Hochheim-Kirche-und-Weinberge-15-495x400.jpg' class='lightbox ' data-onclick='19' title='default'  itemprop=\"thumbnailUrl\"  ><img decoding=\"async\" class=\"wp-image-7406 avia-img-lazy-loading-not-7406\"  data-avia-tooltip='default' src=\"https:\/\/d-photography.org\/web\/wp-content\/uploads\/2023\/08\/Hochheim-Kirche-und-Weinberge-15-845x684.jpg\" width=\"845\" height=\"684\"  title='default' alt='' srcset=\"https:\/\/d-photography.org\/web\/wp-content\/uploads\/2023\/08\/Hochheim-Kirche-und-Weinberge-15-845x684.jpg 845w, https:\/\/d-photography.org\/web\/wp-content\/uploads\/2023\/08\/Hochheim-Kirche-und-Weinberge-15-495x400.jpg 495w\" sizes=\"(max-width: 845px) 100vw, 845px\" \/><\/a> <a href=\"https:\/\/d-photography.org\/web\/wp-content\/uploads\/2023\/08\/Freibad-Kelkheim-25-1030x686.jpg\" data-srcset=\"https:\/\/d-photography.org\/web\/wp-content\/uploads\/2023\/08\/Freibad-Kelkheim-25-1030x686.jpg 1030w, https:\/\/d-photography.org\/web\/wp-content\/uploads\/2023\/08\/Freibad-Kelkheim-25-300x200.jpg 300w, https:\/\/d-photography.org\/web\/wp-content\/uploads\/2023\/08\/Freibad-Kelkheim-25-768x512.jpg 768w, https:\/\/d-photography.org\/web\/wp-content\/uploads\/2023\/08\/Freibad-Kelkheim-25-1536x1023.jpg 1536w, https:\/\/d-photography.org\/web\/wp-content\/uploads\/2023\/08\/Freibad-Kelkheim-25-1500x999.jpg 1500w, https:\/\/d-photography.org\/web\/wp-content\/uploads\/2023\/08\/Freibad-Kelkheim-25-705x470.jpg 705w, https:\/\/d-photography.org\/web\/wp-content\/uploads\/2023\/08\/Freibad-Kelkheim-25.jpg 1920w\" data-sizes=\"(max-width: 1030px) 100vw, 1030px\" data-rel='gallery-1' data-prev-img='https:\/\/d-photography.org\/web\/wp-content\/uploads\/2023\/08\/Freibad-Kelkheim-25-495x400.jpg' class='lightbox ' data-onclick='20' title='Freibad Kelkheim-25'  itemprop=\"thumbnailUrl\"  ><img decoding=\"async\" class=\"wp-image-7404 avia-img-lazy-loading-not-7404\"   src=\"https:\/\/d-photography.org\/web\/wp-content\/uploads\/2023\/08\/Freibad-Kelkheim-25-845x684.jpg\" width=\"845\" height=\"684\"  title='Freibad Kelkheim-25' alt='' srcset=\"https:\/\/d-photography.org\/web\/wp-content\/uploads\/2023\/08\/Freibad-Kelkheim-25-845x684.jpg 845w, https:\/\/d-photography.org\/web\/wp-content\/uploads\/2023\/08\/Freibad-Kelkheim-25-495x400.jpg 495w\" sizes=\"(max-width: 845px) 100vw, 845px\" \/><\/a> <a href=\"https:\/\/d-photography.org\/web\/wp-content\/uploads\/2023\/08\/Burg-Eppstein-6-1030x687.jpg\" data-srcset=\"https:\/\/d-photography.org\/web\/wp-content\/uploads\/2023\/08\/Burg-Eppstein-6-1030x687.jpg 1030w, https:\/\/d-photography.org\/web\/wp-content\/uploads\/2023\/08\/Burg-Eppstein-6-300x200.jpg 300w, https:\/\/d-photography.org\/web\/wp-content\/uploads\/2023\/08\/Burg-Eppstein-6-768x512.jpg 768w, https:\/\/d-photography.org\/web\/wp-content\/uploads\/2023\/08\/Burg-Eppstein-6-1536x1024.jpg 1536w, https:\/\/d-photography.org\/web\/wp-content\/uploads\/2023\/08\/Burg-Eppstein-6-1500x1000.jpg 1500w, https:\/\/d-photography.org\/web\/wp-content\/uploads\/2023\/08\/Burg-Eppstein-6-705x470.jpg 705w, https:\/\/d-photography.org\/web\/wp-content\/uploads\/2023\/08\/Burg-Eppstein-6.jpg 1920w\" data-sizes=\"(max-width: 1030px) 100vw, 1030px\" data-rel='gallery-1' data-prev-img='https:\/\/d-photography.org\/web\/wp-content\/uploads\/2023\/08\/Burg-Eppstein-6-495x400.jpg' class='first_thumb lightbox ' data-onclick='21' title='Burg Eppstein-6'  itemprop=\"thumbnailUrl\"  ><img decoding=\"async\" class=\"wp-image-7401 avia-img-lazy-loading-not-7401\"   src=\"https:\/\/d-photography.org\/web\/wp-content\/uploads\/2023\/08\/Burg-Eppstein-6-845x684.jpg\" width=\"845\" height=\"684\"  title='Burg Eppstein-6' alt='' srcset=\"https:\/\/d-photography.org\/web\/wp-content\/uploads\/2023\/08\/Burg-Eppstein-6-845x684.jpg 845w, https:\/\/d-photography.org\/web\/wp-content\/uploads\/2023\/08\/Burg-Eppstein-6-495x400.jpg 495w\" sizes=\"(max-width: 845px) 100vw, 845px\" \/><\/a> <a href=\"https:\/\/d-photography.org\/web\/wp-content\/uploads\/2023\/08\/Bahnhof-4-1030x687.jpg\" data-srcset=\"https:\/\/d-photography.org\/web\/wp-content\/uploads\/2023\/08\/Bahnhof-4-1030x687.jpg 1030w, https:\/\/d-photography.org\/web\/wp-content\/uploads\/2023\/08\/Bahnhof-4-300x200.jpg 300w, https:\/\/d-photography.org\/web\/wp-content\/uploads\/2023\/08\/Bahnhof-4-768x512.jpg 768w, https:\/\/d-photography.org\/web\/wp-content\/uploads\/2023\/08\/Bahnhof-4-1536x1024.jpg 1536w, https:\/\/d-photography.org\/web\/wp-content\/uploads\/2023\/08\/Bahnhof-4-1500x1000.jpg 1500w, https:\/\/d-photography.org\/web\/wp-content\/uploads\/2023\/08\/Bahnhof-4-705x470.jpg 705w, https:\/\/d-photography.org\/web\/wp-content\/uploads\/2023\/08\/Bahnhof-4.jpg 1920w\" data-sizes=\"(max-width: 1030px) 100vw, 1030px\" data-rel='gallery-1' data-prev-img='https:\/\/d-photography.org\/web\/wp-content\/uploads\/2023\/08\/Bahnhof-4-495x400.jpg' class='lightbox ' data-onclick='22' title='Bahnhof-4'  itemprop=\"thumbnailUrl\"  ><img decoding=\"async\" class=\"wp-image-7400 avia-img-lazy-loading-not-7400\"   src=\"https:\/\/d-photography.org\/web\/wp-content\/uploads\/2023\/08\/Bahnhof-4-845x684.jpg\" width=\"845\" height=\"684\"  title='Bahnhof-4' alt='' srcset=\"https:\/\/d-photography.org\/web\/wp-content\/uploads\/2023\/08\/Bahnhof-4-845x684.jpg 845w, https:\/\/d-photography.org\/web\/wp-content\/uploads\/2023\/08\/Bahnhof-4-495x400.jpg 495w\" sizes=\"(max-width: 845px) 100vw, 845px\" \/><\/a> <a href=\"https:\/\/d-photography.org\/web\/wp-content\/uploads\/2023\/08\/Kellereigebaeude-mit-Hexenturm-1-1030x687.jpg\" data-srcset=\"https:\/\/d-photography.org\/web\/wp-content\/uploads\/2023\/08\/Kellereigebaeude-mit-Hexenturm-1-1030x687.jpg 1030w, https:\/\/d-photography.org\/web\/wp-content\/uploads\/2023\/08\/Kellereigebaeude-mit-Hexenturm-1-300x200.jpg 300w, https:\/\/d-photography.org\/web\/wp-content\/uploads\/2023\/08\/Kellereigebaeude-mit-Hexenturm-1-768x512.jpg 768w, https:\/\/d-photography.org\/web\/wp-content\/uploads\/2023\/08\/Kellereigebaeude-mit-Hexenturm-1-1536x1024.jpg 1536w, https:\/\/d-photography.org\/web\/wp-content\/uploads\/2023\/08\/Kellereigebaeude-mit-Hexenturm-1-1500x1000.jpg 1500w, https:\/\/d-photography.org\/web\/wp-content\/uploads\/2023\/08\/Kellereigebaeude-mit-Hexenturm-1-705x470.jpg 705w, https:\/\/d-photography.org\/web\/wp-content\/uploads\/2023\/08\/Kellereigebaeude-mit-Hexenturm-1.jpg 1920w\" data-sizes=\"(max-width: 1030px) 100vw, 1030px\" data-rel='gallery-1' data-prev-img='https:\/\/d-photography.org\/web\/wp-content\/uploads\/2023\/08\/Kellereigebaeude-mit-Hexenturm-1-495x400.jpg' class='lightbox ' data-onclick='23' title='Kellereigeba\u0308ude mit Hexenturm-1'  itemprop=\"thumbnailUrl\"  ><img decoding=\"async\" class=\"wp-image-7407 avia-img-lazy-loading-not-7407\"   src=\"https:\/\/d-photography.org\/web\/wp-content\/uploads\/2023\/08\/Kellereigebaeude-mit-Hexenturm-1-845x684.jpg\" width=\"845\" height=\"684\"  title='Kellereigeba\u0308ude mit Hexenturm-1' alt='' srcset=\"https:\/\/d-photography.org\/web\/wp-content\/uploads\/2023\/08\/Kellereigebaeude-mit-Hexenturm-1-845x684.jpg 845w, https:\/\/d-photography.org\/web\/wp-content\/uploads\/2023\/08\/Kellereigebaeude-mit-Hexenturm-1-495x400.jpg 495w\" sizes=\"(max-width: 845px) 100vw, 845px\" \/><\/a><\/div><\/div>\n<section  class='av_textblock_section av-lnblm89m-a10ee30102405f595c06f1e94004dc1c'  itemscope=\"itemscope\" itemtype=\"https:\/\/schema.org\/BlogPosting\" itemprop=\"blogPost\" ><div class='avia_textblock'  itemprop=\"text\" ><p>Zum anderen ging es f\u00fcr die Mainzer Volksbank durch deren Gesch\u00e4ftsbereich ebenfalls zu unterschiedlichen sch\u00f6nen Orten von Bingen \u00fcber Mainz und quer durch Reinhessen. Neben den Sehensw\u00fcrdigkeiten wurden nat\u00fcrlich auch alle Bankfilialen dabei mit abgelichtet.<\/p>\n<p>Hier einige Impressionen:<\/p>\n<\/div><\/section>\n\n<style type=\"text\/css\" data-created_by=\"avia_inline_auto\" id=\"style-css-av-lnblnr35-3ccc91d7aca14bba0340b6f5fb21f946\">\n#top .avia-gallery.av-lnblnr35-3ccc91d7aca14bba0340b6f5fb21f946 .avia-gallery-thumb a{\nwidth:20%;\n}\n<\/style>\n<div  class='avia-gallery av-lnblnr35-3ccc91d7aca14bba0340b6f5fb21f946 avia_animate_when_visible  avia-builder-el-3  el_after_av_textblock  avia-builder-el-last  avia_lazyload avia-gallery-animate avia-gallery-2'  itemprop=\"image\" itemscope=\"itemscope\" itemtype=\"https:\/\/schema.org\/ImageObject\" ><div class='avia-gallery-thumb'> <a href=\"https:\/\/d-photography.org\/web\/wp-content\/uploads\/2023\/08\/Oppenheim-Katharinenkirche-11-1030x773.jpg\" data-srcset=\"https:\/\/d-photography.org\/web\/wp-content\/uploads\/2023\/08\/Oppenheim-Katharinenkirche-11-1030x773.jpg 1030w, https:\/\/d-photography.org\/web\/wp-content\/uploads\/2023\/08\/Oppenheim-Katharinenkirche-11-300x225.jpg 300w, https:\/\/d-photography.org\/web\/wp-content\/uploads\/2023\/08\/Oppenheim-Katharinenkirche-11-768x576.jpg 768w, https:\/\/d-photography.org\/web\/wp-content\/uploads\/2023\/08\/Oppenheim-Katharinenkirche-11-1536x1152.jpg 1536w, https:\/\/d-photography.org\/web\/wp-content\/uploads\/2023\/08\/Oppenheim-Katharinenkirche-11-1500x1125.jpg 1500w, https:\/\/d-photography.org\/web\/wp-content\/uploads\/2023\/08\/Oppenheim-Katharinenkirche-11-705x529.jpg 705w, https:\/\/d-photography.org\/web\/wp-content\/uploads\/2023\/08\/Oppenheim-Katharinenkirche-11.jpg 1920w\" data-sizes=\"(max-width: 1030px) 100vw, 1030px\" data-rel='gallery-2' data-prev-img='https:\/\/d-photography.org\/web\/wp-content\/uploads\/2023\/08\/Oppenheim-Katharinenkirche-11-495x400.jpg' class='first_thumb lightbox ' data-onclick='1' title='default'  itemprop=\"thumbnailUrl\"  ><img decoding=\"async\" class=\"wp-image-7437 avia-img-lazy-loading-not-7437\"  data-avia-tooltip='default' src=\"https:\/\/d-photography.org\/web\/wp-content\/uploads\/2023\/08\/Oppenheim-Katharinenkirche-11-845x684.jpg\" width=\"845\" height=\"684\"  title='default' alt='' srcset=\"https:\/\/d-photography.org\/web\/wp-content\/uploads\/2023\/08\/Oppenheim-Katharinenkirche-11-845x684.jpg 845w, https:\/\/d-photography.org\/web\/wp-content\/uploads\/2023\/08\/Oppenheim-Katharinenkirche-11-495x400.jpg 495w\" sizes=\"(max-width: 845px) 100vw, 845px\" \/><\/a> <a href=\"https:\/\/d-photography.org\/web\/wp-content\/uploads\/2023\/08\/Mainz-Theodor-Heuss-Bruecke-14-1030x773.jpg\" data-srcset=\"https:\/\/d-photography.org\/web\/wp-content\/uploads\/2023\/08\/Mainz-Theodor-Heuss-Bruecke-14-1030x773.jpg 1030w, https:\/\/d-photography.org\/web\/wp-content\/uploads\/2023\/08\/Mainz-Theodor-Heuss-Bruecke-14-300x225.jpg 300w, https:\/\/d-photography.org\/web\/wp-content\/uploads\/2023\/08\/Mainz-Theodor-Heuss-Bruecke-14-768x576.jpg 768w, https:\/\/d-photography.org\/web\/wp-content\/uploads\/2023\/08\/Mainz-Theodor-Heuss-Bruecke-14-1536x1152.jpg 1536w, https:\/\/d-photography.org\/web\/wp-content\/uploads\/2023\/08\/Mainz-Theodor-Heuss-Bruecke-14-1500x1125.jpg 1500w, https:\/\/d-photography.org\/web\/wp-content\/uploads\/2023\/08\/Mainz-Theodor-Heuss-Bruecke-14-705x529.jpg 705w, https:\/\/d-photography.org\/web\/wp-content\/uploads\/2023\/08\/Mainz-Theodor-Heuss-Bruecke-14.jpg 1920w\" data-sizes=\"(max-width: 1030px) 100vw, 1030px\" data-rel='gallery-2' data-prev-img='https:\/\/d-photography.org\/web\/wp-content\/uploads\/2023\/08\/Mainz-Theodor-Heuss-Bruecke-14-495x400.jpg' class='lightbox ' data-onclick='2' title='default'  itemprop=\"thumbnailUrl\"  ><img decoding=\"async\" class=\"wp-image-7434 avia-img-lazy-loading-not-7434\"  data-avia-tooltip='default' src=\"https:\/\/d-photography.org\/web\/wp-content\/uploads\/2023\/08\/Mainz-Theodor-Heuss-Bruecke-14-845x684.jpg\" width=\"845\" height=\"684\"  title='default' alt='' srcset=\"https:\/\/d-photography.org\/web\/wp-content\/uploads\/2023\/08\/Mainz-Theodor-Heuss-Bruecke-14-845x684.jpg 845w, https:\/\/d-photography.org\/web\/wp-content\/uploads\/2023\/08\/Mainz-Theodor-Heuss-Bruecke-14-495x400.jpg 495w\" sizes=\"(max-width: 845px) 100vw, 845px\" \/><\/a> <a href=\"https:\/\/d-photography.org\/web\/wp-content\/uploads\/2023\/08\/Nieder-Olm-Pariser-Strasse-110-5-1030x687.jpg\" data-srcset=\"https:\/\/d-photography.org\/web\/wp-content\/uploads\/2023\/08\/Nieder-Olm-Pariser-Strasse-110-5-1030x687.jpg 1030w, https:\/\/d-photography.org\/web\/wp-content\/uploads\/2023\/08\/Nieder-Olm-Pariser-Strasse-110-5-300x200.jpg 300w, https:\/\/d-photography.org\/web\/wp-content\/uploads\/2023\/08\/Nieder-Olm-Pariser-Strasse-110-5-768x512.jpg 768w, https:\/\/d-photography.org\/web\/wp-content\/uploads\/2023\/08\/Nieder-Olm-Pariser-Strasse-110-5-1536x1024.jpg 1536w, https:\/\/d-photography.org\/web\/wp-content\/uploads\/2023\/08\/Nieder-Olm-Pariser-Strasse-110-5-1500x1000.jpg 1500w, https:\/\/d-photography.org\/web\/wp-content\/uploads\/2023\/08\/Nieder-Olm-Pariser-Strasse-110-5-705x470.jpg 705w, https:\/\/d-photography.org\/web\/wp-content\/uploads\/2023\/08\/Nieder-Olm-Pariser-Strasse-110-5.jpg 1920w\" data-sizes=\"(max-width: 1030px) 100vw, 1030px\" data-rel='gallery-2' data-prev-img='https:\/\/d-photography.org\/web\/wp-content\/uploads\/2023\/08\/Nieder-Olm-Pariser-Strasse-110-5-495x400.jpg' class='lightbox ' data-onclick='3' title='Nieder-Olm - Pariser Stra\u00dfe 110-5'  itemprop=\"thumbnailUrl\"  ><img decoding=\"async\" class=\"wp-image-7435 avia-img-lazy-loading-not-7435\"   src=\"https:\/\/d-photography.org\/web\/wp-content\/uploads\/2023\/08\/Nieder-Olm-Pariser-Strasse-110-5-845x684.jpg\" width=\"845\" height=\"684\"  title='Nieder-Olm - Pariser Stra\u00dfe 110-5' alt='' srcset=\"https:\/\/d-photography.org\/web\/wp-content\/uploads\/2023\/08\/Nieder-Olm-Pariser-Strasse-110-5-845x684.jpg 845w, https:\/\/d-photography.org\/web\/wp-content\/uploads\/2023\/08\/Nieder-Olm-Pariser-Strasse-110-5-495x400.jpg 495w\" sizes=\"(max-width: 845px) 100vw, 845px\" \/><\/a> <a href=\"https:\/\/d-photography.org\/web\/wp-content\/uploads\/2023\/08\/Mainz-Theodor-Heuss-Bruecke-3-1030x687.jpg\" data-srcset=\"https:\/\/d-photography.org\/web\/wp-content\/uploads\/2023\/08\/Mainz-Theodor-Heuss-Bruecke-3-1030x687.jpg 1030w, https:\/\/d-photography.org\/web\/wp-content\/uploads\/2023\/08\/Mainz-Theodor-Heuss-Bruecke-3-300x200.jpg 300w, https:\/\/d-photography.org\/web\/wp-content\/uploads\/2023\/08\/Mainz-Theodor-Heuss-Bruecke-3-768x512.jpg 768w, https:\/\/d-photography.org\/web\/wp-content\/uploads\/2023\/08\/Mainz-Theodor-Heuss-Bruecke-3-1536x1024.jpg 1536w, https:\/\/d-photography.org\/web\/wp-content\/uploads\/2023\/08\/Mainz-Theodor-Heuss-Bruecke-3-1500x1000.jpg 1500w, https:\/\/d-photography.org\/web\/wp-content\/uploads\/2023\/08\/Mainz-Theodor-Heuss-Bruecke-3-705x470.jpg 705w, https:\/\/d-photography.org\/web\/wp-content\/uploads\/2023\/08\/Mainz-Theodor-Heuss-Bruecke-3.jpg 1920w\" data-sizes=\"(max-width: 1030px) 100vw, 1030px\" data-rel='gallery-2' data-prev-img='https:\/\/d-photography.org\/web\/wp-content\/uploads\/2023\/08\/Mainz-Theodor-Heuss-Bruecke-3-495x400.jpg' class='lightbox ' data-onclick='4' title='Mainz - Theodor-Heuss-Bru\u0308cke-3'  itemprop=\"thumbnailUrl\"  ><img decoding=\"async\" class=\"wp-image-7433 avia-img-lazy-loading-not-7433\"   src=\"https:\/\/d-photography.org\/web\/wp-content\/uploads\/2023\/08\/Mainz-Theodor-Heuss-Bruecke-3-845x684.jpg\" width=\"845\" height=\"684\"  title='Mainz - Theodor-Heuss-Bru\u0308cke-3' alt='' srcset=\"https:\/\/d-photography.org\/web\/wp-content\/uploads\/2023\/08\/Mainz-Theodor-Heuss-Bruecke-3-845x684.jpg 845w, https:\/\/d-photography.org\/web\/wp-content\/uploads\/2023\/08\/Mainz-Theodor-Heuss-Bruecke-3-495x400.jpg 495w\" sizes=\"(max-width: 845px) 100vw, 845px\" \/><\/a> <a href=\"https:\/\/d-photography.org\/web\/wp-content\/uploads\/2023\/08\/Mainz-Schloss-und-Landtag-6-1030x687.jpg\" data-srcset=\"https:\/\/d-photography.org\/web\/wp-content\/uploads\/2023\/08\/Mainz-Schloss-und-Landtag-6-1030x687.jpg 1030w, https:\/\/d-photography.org\/web\/wp-content\/uploads\/2023\/08\/Mainz-Schloss-und-Landtag-6-300x200.jpg 300w, https:\/\/d-photography.org\/web\/wp-content\/uploads\/2023\/08\/Mainz-Schloss-und-Landtag-6-768x512.jpg 768w, https:\/\/d-photography.org\/web\/wp-content\/uploads\/2023\/08\/Mainz-Schloss-und-Landtag-6-1536x1024.jpg 1536w, https:\/\/d-photography.org\/web\/wp-content\/uploads\/2023\/08\/Mainz-Schloss-und-Landtag-6-1500x1000.jpg 1500w, https:\/\/d-photography.org\/web\/wp-content\/uploads\/2023\/08\/Mainz-Schloss-und-Landtag-6-705x470.jpg 705w, https:\/\/d-photography.org\/web\/wp-content\/uploads\/2023\/08\/Mainz-Schloss-und-Landtag-6.jpg 1920w\" data-sizes=\"(max-width: 1030px) 100vw, 1030px\" data-rel='gallery-2' data-prev-img='https:\/\/d-photography.org\/web\/wp-content\/uploads\/2023\/08\/Mainz-Schloss-und-Landtag-6-495x400.jpg' class='lightbox ' data-onclick='5' title='Mainz - Schloss und Landtag-6'  itemprop=\"thumbnailUrl\"  ><img decoding=\"async\" class=\"wp-image-7432 avia-img-lazy-loading-not-7432\"   src=\"https:\/\/d-photography.org\/web\/wp-content\/uploads\/2023\/08\/Mainz-Schloss-und-Landtag-6-845x684.jpg\" width=\"845\" height=\"684\"  title='Mainz - Schloss und Landtag-6' alt='' srcset=\"https:\/\/d-photography.org\/web\/wp-content\/uploads\/2023\/08\/Mainz-Schloss-und-Landtag-6-845x684.jpg 845w, https:\/\/d-photography.org\/web\/wp-content\/uploads\/2023\/08\/Mainz-Schloss-und-Landtag-6-495x400.jpg 495w\" sizes=\"(max-width: 845px) 100vw, 845px\" \/><\/a> <a href=\"https:\/\/d-photography.org\/web\/wp-content\/uploads\/2023\/08\/Mainz-Fastnachtsbrunnen-2-1030x687.jpg\" data-srcset=\"https:\/\/d-photography.org\/web\/wp-content\/uploads\/2023\/08\/Mainz-Fastnachtsbrunnen-2-1030x687.jpg 1030w, https:\/\/d-photography.org\/web\/wp-content\/uploads\/2023\/08\/Mainz-Fastnachtsbrunnen-2-300x200.jpg 300w, https:\/\/d-photography.org\/web\/wp-content\/uploads\/2023\/08\/Mainz-Fastnachtsbrunnen-2-768x512.jpg 768w, https:\/\/d-photography.org\/web\/wp-content\/uploads\/2023\/08\/Mainz-Fastnachtsbrunnen-2-1536x1024.jpg 1536w, https:\/\/d-photography.org\/web\/wp-content\/uploads\/2023\/08\/Mainz-Fastnachtsbrunnen-2-1500x1000.jpg 1500w, https:\/\/d-photography.org\/web\/wp-content\/uploads\/2023\/08\/Mainz-Fastnachtsbrunnen-2-705x470.jpg 705w, https:\/\/d-photography.org\/web\/wp-content\/uploads\/2023\/08\/Mainz-Fastnachtsbrunnen-2.jpg 1920w\" data-sizes=\"(max-width: 1030px) 100vw, 1030px\" data-rel='gallery-2' data-prev-img='https:\/\/d-photography.org\/web\/wp-content\/uploads\/2023\/08\/Mainz-Fastnachtsbrunnen-2-495x400.jpg' class='first_thumb lightbox ' data-onclick='6' title='Mainz - Fastnachtsbrunnen-2'  itemprop=\"thumbnailUrl\"  ><img decoding=\"async\" class=\"wp-image-7431 avia-img-lazy-loading-not-7431\"   src=\"https:\/\/d-photography.org\/web\/wp-content\/uploads\/2023\/08\/Mainz-Fastnachtsbrunnen-2-845x684.jpg\" width=\"845\" height=\"684\"  title='Mainz - Fastnachtsbrunnen-2' alt='' srcset=\"https:\/\/d-photography.org\/web\/wp-content\/uploads\/2023\/08\/Mainz-Fastnachtsbrunnen-2-845x684.jpg 845w, https:\/\/d-photography.org\/web\/wp-content\/uploads\/2023\/08\/Mainz-Fastnachtsbrunnen-2-495x400.jpg 495w\" sizes=\"(max-width: 845px) 100vw, 845px\" \/><\/a> <a href=\"https:\/\/d-photography.org\/web\/wp-content\/uploads\/2023\/08\/Mainz-Dom-Altstadt-und-Marktplatz-21-1030x773.jpg\" data-srcset=\"https:\/\/d-photography.org\/web\/wp-content\/uploads\/2023\/08\/Mainz-Dom-Altstadt-und-Marktplatz-21-1030x773.jpg 1030w, https:\/\/d-photography.org\/web\/wp-content\/uploads\/2023\/08\/Mainz-Dom-Altstadt-und-Marktplatz-21-300x225.jpg 300w, https:\/\/d-photography.org\/web\/wp-content\/uploads\/2023\/08\/Mainz-Dom-Altstadt-und-Marktplatz-21-768x576.jpg 768w, https:\/\/d-photography.org\/web\/wp-content\/uploads\/2023\/08\/Mainz-Dom-Altstadt-und-Marktplatz-21-1536x1152.jpg 1536w, https:\/\/d-photography.org\/web\/wp-content\/uploads\/2023\/08\/Mainz-Dom-Altstadt-und-Marktplatz-21-1500x1125.jpg 1500w, https:\/\/d-photography.org\/web\/wp-content\/uploads\/2023\/08\/Mainz-Dom-Altstadt-und-Marktplatz-21-705x529.jpg 705w, https:\/\/d-photography.org\/web\/wp-content\/uploads\/2023\/08\/Mainz-Dom-Altstadt-und-Marktplatz-21.jpg 1920w\" data-sizes=\"(max-width: 1030px) 100vw, 1030px\" data-rel='gallery-2' data-prev-img='https:\/\/d-photography.org\/web\/wp-content\/uploads\/2023\/08\/Mainz-Dom-Altstadt-und-Marktplatz-21-495x400.jpg' class='lightbox ' data-onclick='7' title='default'  itemprop=\"thumbnailUrl\"  ><img decoding=\"async\" class=\"wp-image-7430 avia-img-lazy-loading-not-7430\"  data-avia-tooltip='default' src=\"https:\/\/d-photography.org\/web\/wp-content\/uploads\/2023\/08\/Mainz-Dom-Altstadt-und-Marktplatz-21-845x684.jpg\" width=\"845\" height=\"684\"  title='default' alt='' srcset=\"https:\/\/d-photography.org\/web\/wp-content\/uploads\/2023\/08\/Mainz-Dom-Altstadt-und-Marktplatz-21-845x684.jpg 845w, https:\/\/d-photography.org\/web\/wp-content\/uploads\/2023\/08\/Mainz-Dom-Altstadt-und-Marktplatz-21-495x400.jpg 495w\" sizes=\"(max-width: 845px) 100vw, 845px\" \/><\/a> <a href=\"https:\/\/d-photography.org\/web\/wp-content\/uploads\/2023\/08\/Mainz-Dom-Altstadt-und-Marktplatz-1-1030x687.jpg\" data-srcset=\"https:\/\/d-photography.org\/web\/wp-content\/uploads\/2023\/08\/Mainz-Dom-Altstadt-und-Marktplatz-1-1030x687.jpg 1030w, https:\/\/d-photography.org\/web\/wp-content\/uploads\/2023\/08\/Mainz-Dom-Altstadt-und-Marktplatz-1-300x200.jpg 300w, https:\/\/d-photography.org\/web\/wp-content\/uploads\/2023\/08\/Mainz-Dom-Altstadt-und-Marktplatz-1-768x512.jpg 768w, https:\/\/d-photography.org\/web\/wp-content\/uploads\/2023\/08\/Mainz-Dom-Altstadt-und-Marktplatz-1-1536x1024.jpg 1536w, https:\/\/d-photography.org\/web\/wp-content\/uploads\/2023\/08\/Mainz-Dom-Altstadt-und-Marktplatz-1-1500x1000.jpg 1500w, https:\/\/d-photography.org\/web\/wp-content\/uploads\/2023\/08\/Mainz-Dom-Altstadt-und-Marktplatz-1-705x470.jpg 705w, https:\/\/d-photography.org\/web\/wp-content\/uploads\/2023\/08\/Mainz-Dom-Altstadt-und-Marktplatz-1.jpg 1920w\" data-sizes=\"(max-width: 1030px) 100vw, 1030px\" data-rel='gallery-2' data-prev-img='https:\/\/d-photography.org\/web\/wp-content\/uploads\/2023\/08\/Mainz-Dom-Altstadt-und-Marktplatz-1-495x400.jpg' class='lightbox ' data-onclick='8' title='Mainz - Dom Altstadt und Marktplatz-1'  itemprop=\"thumbnailUrl\"  ><img decoding=\"async\" class=\"wp-image-7429 avia-img-lazy-loading-not-7429\"   src=\"https:\/\/d-photography.org\/web\/wp-content\/uploads\/2023\/08\/Mainz-Dom-Altstadt-und-Marktplatz-1-845x684.jpg\" width=\"845\" height=\"684\"  title='Mainz - Dom Altstadt und Marktplatz-1' alt='' srcset=\"https:\/\/d-photography.org\/web\/wp-content\/uploads\/2023\/08\/Mainz-Dom-Altstadt-und-Marktplatz-1-845x684.jpg 845w, https:\/\/d-photography.org\/web\/wp-content\/uploads\/2023\/08\/Mainz-Dom-Altstadt-und-Marktplatz-1-495x400.jpg 495w\" sizes=\"(max-width: 845px) 100vw, 845px\" \/><\/a> <a href=\"https:\/\/d-photography.org\/web\/wp-content\/uploads\/2023\/08\/Mainz-Athener-Allee-21-3-1030x687.jpg\" data-srcset=\"https:\/\/d-photography.org\/web\/wp-content\/uploads\/2023\/08\/Mainz-Athener-Allee-21-3-1030x687.jpg 1030w, https:\/\/d-photography.org\/web\/wp-content\/uploads\/2023\/08\/Mainz-Athener-Allee-21-3-300x200.jpg 300w, https:\/\/d-photography.org\/web\/wp-content\/uploads\/2023\/08\/Mainz-Athener-Allee-21-3-768x512.jpg 768w, https:\/\/d-photography.org\/web\/wp-content\/uploads\/2023\/08\/Mainz-Athener-Allee-21-3-1536x1024.jpg 1536w, https:\/\/d-photography.org\/web\/wp-content\/uploads\/2023\/08\/Mainz-Athener-Allee-21-3-1500x1000.jpg 1500w, https:\/\/d-photography.org\/web\/wp-content\/uploads\/2023\/08\/Mainz-Athener-Allee-21-3-705x470.jpg 705w, https:\/\/d-photography.org\/web\/wp-content\/uploads\/2023\/08\/Mainz-Athener-Allee-21-3.jpg 1920w\" data-sizes=\"(max-width: 1030px) 100vw, 1030px\" data-rel='gallery-2' data-prev-img='https:\/\/d-photography.org\/web\/wp-content\/uploads\/2023\/08\/Mainz-Athener-Allee-21-3-495x400.jpg' class='lightbox ' data-onclick='9' title='Mainz - Athener Allee 21-3'  itemprop=\"thumbnailUrl\"  ><img decoding=\"async\" class=\"wp-image-7428 avia-img-lazy-loading-not-7428\"   src=\"https:\/\/d-photography.org\/web\/wp-content\/uploads\/2023\/08\/Mainz-Athener-Allee-21-3-845x684.jpg\" width=\"845\" height=\"684\"  title='Mainz - Athener Allee 21-3' alt='' srcset=\"https:\/\/d-photography.org\/web\/wp-content\/uploads\/2023\/08\/Mainz-Athener-Allee-21-3-845x684.jpg 845w, https:\/\/d-photography.org\/web\/wp-content\/uploads\/2023\/08\/Mainz-Athener-Allee-21-3-495x400.jpg 495w\" sizes=\"(max-width: 845px) 100vw, 845px\" \/><\/a> <a href=\"https:\/\/d-photography.org\/web\/wp-content\/uploads\/2023\/08\/Hochheim-Kirche-und-Weinberge-14-1030x773.jpg\" data-srcset=\"https:\/\/d-photography.org\/web\/wp-content\/uploads\/2023\/08\/Hochheim-Kirche-und-Weinberge-14-1030x773.jpg 1030w, https:\/\/d-photography.org\/web\/wp-content\/uploads\/2023\/08\/Hochheim-Kirche-und-Weinberge-14-300x225.jpg 300w, https:\/\/d-photography.org\/web\/wp-content\/uploads\/2023\/08\/Hochheim-Kirche-und-Weinberge-14-768x576.jpg 768w, https:\/\/d-photography.org\/web\/wp-content\/uploads\/2023\/08\/Hochheim-Kirche-und-Weinberge-14-1536x1152.jpg 1536w, https:\/\/d-photography.org\/web\/wp-content\/uploads\/2023\/08\/Hochheim-Kirche-und-Weinberge-14-1500x1125.jpg 1500w, https:\/\/d-photography.org\/web\/wp-content\/uploads\/2023\/08\/Hochheim-Kirche-und-Weinberge-14-705x529.jpg 705w, https:\/\/d-photography.org\/web\/wp-content\/uploads\/2023\/08\/Hochheim-Kirche-und-Weinberge-14.jpg 1920w\" data-sizes=\"(max-width: 1030px) 100vw, 1030px\" data-rel='gallery-2' data-prev-img='https:\/\/d-photography.org\/web\/wp-content\/uploads\/2023\/08\/Hochheim-Kirche-und-Weinberge-14-495x400.jpg' class='lightbox ' data-onclick='10' title='default'  itemprop=\"thumbnailUrl\"  ><img decoding=\"async\" class=\"wp-image-7427 avia-img-lazy-loading-not-7427\"  data-avia-tooltip='default' src=\"https:\/\/d-photography.org\/web\/wp-content\/uploads\/2023\/08\/Hochheim-Kirche-und-Weinberge-14-845x684.jpg\" width=\"845\" height=\"684\"  title='default' alt='' srcset=\"https:\/\/d-photography.org\/web\/wp-content\/uploads\/2023\/08\/Hochheim-Kirche-und-Weinberge-14-845x684.jpg 845w, https:\/\/d-photography.org\/web\/wp-content\/uploads\/2023\/08\/Hochheim-Kirche-und-Weinberge-14-495x400.jpg 495w\" sizes=\"(max-width: 845px) 100vw, 845px\" \/><\/a> <a href=\"https:\/\/d-photography.org\/web\/wp-content\/uploads\/2023\/08\/Hochheim-Kirche-und-Weinberge-5-1030x687.jpg\" data-srcset=\"https:\/\/d-photography.org\/web\/wp-content\/uploads\/2023\/08\/Hochheim-Kirche-und-Weinberge-5-1030x687.jpg 1030w, https:\/\/d-photography.org\/web\/wp-content\/uploads\/2023\/08\/Hochheim-Kirche-und-Weinberge-5-300x200.jpg 300w, https:\/\/d-photography.org\/web\/wp-content\/uploads\/2023\/08\/Hochheim-Kirche-und-Weinberge-5-768x512.jpg 768w, https:\/\/d-photography.org\/web\/wp-content\/uploads\/2023\/08\/Hochheim-Kirche-und-Weinberge-5-1536x1024.jpg 1536w, https:\/\/d-photography.org\/web\/wp-content\/uploads\/2023\/08\/Hochheim-Kirche-und-Weinberge-5-1500x1000.jpg 1500w, https:\/\/d-photography.org\/web\/wp-content\/uploads\/2023\/08\/Hochheim-Kirche-und-Weinberge-5-705x470.jpg 705w, https:\/\/d-photography.org\/web\/wp-content\/uploads\/2023\/08\/Hochheim-Kirche-und-Weinberge-5.jpg 1920w\" data-sizes=\"(max-width: 1030px) 100vw, 1030px\" data-rel='gallery-2' data-prev-img='https:\/\/d-photography.org\/web\/wp-content\/uploads\/2023\/08\/Hochheim-Kirche-und-Weinberge-5-495x400.jpg' class='first_thumb lightbox ' data-onclick='11' title='Hochheim - Kirche und Weinberge-5'  itemprop=\"thumbnailUrl\"  ><img decoding=\"async\" class=\"wp-image-7426 avia-img-lazy-loading-not-7426\"   src=\"https:\/\/d-photography.org\/web\/wp-content\/uploads\/2023\/08\/Hochheim-Kirche-und-Weinberge-5-845x684.jpg\" width=\"845\" height=\"684\"  title='Hochheim - Kirche und Weinberge-5' alt='' srcset=\"https:\/\/d-photography.org\/web\/wp-content\/uploads\/2023\/08\/Hochheim-Kirche-und-Weinberge-5-845x684.jpg 845w, https:\/\/d-photography.org\/web\/wp-content\/uploads\/2023\/08\/Hochheim-Kirche-und-Weinberge-5-495x400.jpg 495w\" sizes=\"(max-width: 845px) 100vw, 845px\" \/><\/a> <a href=\"https:\/\/d-photography.org\/web\/wp-content\/uploads\/2023\/08\/Bingen-Maeuseturm-7-1030x687.jpg\" data-srcset=\"https:\/\/d-photography.org\/web\/wp-content\/uploads\/2023\/08\/Bingen-Maeuseturm-7-1030x687.jpg 1030w, https:\/\/d-photography.org\/web\/wp-content\/uploads\/2023\/08\/Bingen-Maeuseturm-7-300x200.jpg 300w, https:\/\/d-photography.org\/web\/wp-content\/uploads\/2023\/08\/Bingen-Maeuseturm-7-768x512.jpg 768w, https:\/\/d-photography.org\/web\/wp-content\/uploads\/2023\/08\/Bingen-Maeuseturm-7-1536x1024.jpg 1536w, https:\/\/d-photography.org\/web\/wp-content\/uploads\/2023\/08\/Bingen-Maeuseturm-7-1500x1000.jpg 1500w, https:\/\/d-photography.org\/web\/wp-content\/uploads\/2023\/08\/Bingen-Maeuseturm-7-705x470.jpg 705w, https:\/\/d-photography.org\/web\/wp-content\/uploads\/2023\/08\/Bingen-Maeuseturm-7.jpg 1920w\" data-sizes=\"(max-width: 1030px) 100vw, 1030px\" data-rel='gallery-2' data-prev-img='https:\/\/d-photography.org\/web\/wp-content\/uploads\/2023\/08\/Bingen-Maeuseturm-7-495x400.jpg' class='lightbox ' data-onclick='12' title='Bingen - Ma\u0308useturm-7'  itemprop=\"thumbnailUrl\"  ><img decoding=\"async\" class=\"wp-image-7425 avia-img-lazy-loading-not-7425\"   src=\"https:\/\/d-photography.org\/web\/wp-content\/uploads\/2023\/08\/Bingen-Maeuseturm-7-845x684.jpg\" width=\"845\" height=\"684\"  title='Bingen - Ma\u0308useturm-7' alt='' srcset=\"https:\/\/d-photography.org\/web\/wp-content\/uploads\/2023\/08\/Bingen-Maeuseturm-7-845x684.jpg 845w, https:\/\/d-photography.org\/web\/wp-content\/uploads\/2023\/08\/Bingen-Maeuseturm-7-495x400.jpg 495w\" sizes=\"(max-width: 845px) 100vw, 845px\" \/><\/a> <a href=\"https:\/\/d-photography.org\/web\/wp-content\/uploads\/2023\/08\/Bingen-Burg-Klopp-8-1030x773.jpg\" data-srcset=\"https:\/\/d-photography.org\/web\/wp-content\/uploads\/2023\/08\/Bingen-Burg-Klopp-8-1030x773.jpg 1030w, https:\/\/d-photography.org\/web\/wp-content\/uploads\/2023\/08\/Bingen-Burg-Klopp-8-300x225.jpg 300w, https:\/\/d-photography.org\/web\/wp-content\/uploads\/2023\/08\/Bingen-Burg-Klopp-8-768x576.jpg 768w, https:\/\/d-photography.org\/web\/wp-content\/uploads\/2023\/08\/Bingen-Burg-Klopp-8-1536x1152.jpg 1536w, https:\/\/d-photography.org\/web\/wp-content\/uploads\/2023\/08\/Bingen-Burg-Klopp-8-1500x1125.jpg 1500w, https:\/\/d-photography.org\/web\/wp-content\/uploads\/2023\/08\/Bingen-Burg-Klopp-8-705x529.jpg 705w, https:\/\/d-photography.org\/web\/wp-content\/uploads\/2023\/08\/Bingen-Burg-Klopp-8.jpg 1920w\" data-sizes=\"(max-width: 1030px) 100vw, 1030px\" data-rel='gallery-2' data-prev-img='https:\/\/d-photography.org\/web\/wp-content\/uploads\/2023\/08\/Bingen-Burg-Klopp-8-495x400.jpg' class='lightbox ' data-onclick='13' title='default'  itemprop=\"thumbnailUrl\"  ><img decoding=\"async\" class=\"wp-image-7424 avia-img-lazy-loading-not-7424\"  data-avia-tooltip='default' src=\"https:\/\/d-photography.org\/web\/wp-content\/uploads\/2023\/08\/Bingen-Burg-Klopp-8-845x684.jpg\" width=\"845\" height=\"684\"  title='default' alt='' srcset=\"https:\/\/d-photography.org\/web\/wp-content\/uploads\/2023\/08\/Bingen-Burg-Klopp-8-845x684.jpg 845w, https:\/\/d-photography.org\/web\/wp-content\/uploads\/2023\/08\/Bingen-Burg-Klopp-8-495x400.jpg 495w\" sizes=\"(max-width: 845px) 100vw, 845px\" \/><\/a> <a href=\"https:\/\/d-photography.org\/web\/wp-content\/uploads\/2023\/08\/Oppenheim-Katharinenkirche-1-1030x687.jpg\" data-srcset=\"https:\/\/d-photography.org\/web\/wp-content\/uploads\/2023\/08\/Oppenheim-Katharinenkirche-1-1030x687.jpg 1030w, https:\/\/d-photography.org\/web\/wp-content\/uploads\/2023\/08\/Oppenheim-Katharinenkirche-1-300x200.jpg 300w, https:\/\/d-photography.org\/web\/wp-content\/uploads\/2023\/08\/Oppenheim-Katharinenkirche-1-768x512.jpg 768w, https:\/\/d-photography.org\/web\/wp-content\/uploads\/2023\/08\/Oppenheim-Katharinenkirche-1-1536x1024.jpg 1536w, https:\/\/d-photography.org\/web\/wp-content\/uploads\/2023\/08\/Oppenheim-Katharinenkirche-1-1500x1000.jpg 1500w, https:\/\/d-photography.org\/web\/wp-content\/uploads\/2023\/08\/Oppenheim-Katharinenkirche-1-705x470.jpg 705w, https:\/\/d-photography.org\/web\/wp-content\/uploads\/2023\/08\/Oppenheim-Katharinenkirche-1.jpg 1920w\" data-sizes=\"(max-width: 1030px) 100vw, 1030px\" data-rel='gallery-2' data-prev-img='https:\/\/d-photography.org\/web\/wp-content\/uploads\/2023\/08\/Oppenheim-Katharinenkirche-1-495x400.jpg' class='lightbox ' data-onclick='14' title='Oppenheim - Katharinenkirche-1'  itemprop=\"thumbnailUrl\"  ><img decoding=\"async\" class=\"wp-image-7436 avia-img-lazy-loading-not-7436\"   src=\"https:\/\/d-photography.org\/web\/wp-content\/uploads\/2023\/08\/Oppenheim-Katharinenkirche-1-845x684.jpg\" width=\"845\" height=\"684\"  title='Oppenheim - Katharinenkirche-1' alt='' srcset=\"https:\/\/d-photography.org\/web\/wp-content\/uploads\/2023\/08\/Oppenheim-Katharinenkirche-1-845x684.jpg 845w, https:\/\/d-photography.org\/web\/wp-content\/uploads\/2023\/08\/Oppenheim-Katharinenkirche-1-495x400.jpg 495w\" sizes=\"(max-width: 845px) 100vw, 845px\" \/><\/a> <a href=\"https:\/\/d-photography.org\/web\/wp-content\/uploads\/2023\/08\/Bingen-Burg-am-Maeuseturm-1030x687.jpg\" data-srcset=\"https:\/\/d-photography.org\/web\/wp-content\/uploads\/2023\/08\/Bingen-Burg-am-Maeuseturm-1030x687.jpg 1030w, https:\/\/d-photography.org\/web\/wp-content\/uploads\/2023\/08\/Bingen-Burg-am-Maeuseturm-300x200.jpg 300w, https:\/\/d-photography.org\/web\/wp-content\/uploads\/2023\/08\/Bingen-Burg-am-Maeuseturm-768x512.jpg 768w, https:\/\/d-photography.org\/web\/wp-content\/uploads\/2023\/08\/Bingen-Burg-am-Maeuseturm-1536x1024.jpg 1536w, https:\/\/d-photography.org\/web\/wp-content\/uploads\/2023\/08\/Bingen-Burg-am-Maeuseturm-1500x1000.jpg 1500w, https:\/\/d-photography.org\/web\/wp-content\/uploads\/2023\/08\/Bingen-Burg-am-Maeuseturm-705x470.jpg 705w, https:\/\/d-photography.org\/web\/wp-content\/uploads\/2023\/08\/Bingen-Burg-am-Maeuseturm.jpg 1920w\" data-sizes=\"(max-width: 1030px) 100vw, 1030px\" data-rel='gallery-2' data-prev-img='https:\/\/d-photography.org\/web\/wp-content\/uploads\/2023\/08\/Bingen-Burg-am-Maeuseturm-495x400.jpg' class='lightbox ' data-onclick='15' title='Bingen - Burg am Ma\u0308useturm'  itemprop=\"thumbnailUrl\"  ><img decoding=\"async\" class=\"wp-image-7423 avia-img-lazy-loading-not-7423\"   src=\"https:\/\/d-photography.org\/web\/wp-content\/uploads\/2023\/08\/Bingen-Burg-am-Maeuseturm-845x684.jpg\" width=\"845\" height=\"684\"  title='Bingen - Burg am Ma\u0308useturm' alt='' srcset=\"https:\/\/d-photography.org\/web\/wp-content\/uploads\/2023\/08\/Bingen-Burg-am-Maeuseturm-845x684.jpg 845w, https:\/\/d-photography.org\/web\/wp-content\/uploads\/2023\/08\/Bingen-Burg-am-Maeuseturm-495x400.jpg 495w\" sizes=\"(max-width: 845px) 100vw, 845px\" \/><\/a><\/div><\/div>\n<div class=\"shariff shariff-align-center shariff-widget-align-flex-start shariff-buttonstretch\"><ul class=\"shariff-buttons theme-color orientation-horizontal buttonsize-medium\"><li class=\"shariff-button facebook shariff-nocustomcolor\" style=\"background-color:#4273c8\"><a href=\"https:\/\/www.facebook.com\/sharer\/sharer.php?u=https%3A%2F%2Fd-photography.org%2Fweb%2Fwerbeaufnahmen-von-sehenswuerdigkeiten-im-main-taunus-kreis-und-kreis-mainz-bingen%2F\" title=\"Bei Facebook teilen\" aria-label=\"Bei Facebook teilen\" role=\"button\" rel=\"noreferrernoopener nofollow\" class=\"shariff-link\" style=\"; background-color:#3b5998; color:#fff\" target=\"_blank\"><span class=\"shariff-icon\" style=\"\"><svg width=\"32px\" height=\"20px\" xmlns=\"http:\/\/www.w3.org\/2000\/svg\" viewBox=\"0 0 18 32\"><path fill=\"#3b5998\" d=\"M17.1 0.2v4.7h-2.8q-1.5 0-2.1 0.6t-0.5 1.9v3.4h5.2l-0.7 5.3h-4.5v13.6h-5.5v-13.6h-4.5v-5.3h4.5v-3.9q0-3.3 1.9-5.2t5-1.8q2.6 0 4.1 0.2z\"\/><\/svg><\/span><span class=\"shariff-text\">teilen<\/span>&nbsp;<\/a><\/li><li class=\"shariff-button twitter shariff-nocustomcolor\" style=\"background-color:#1e3050\"><a href=\"https:\/\/twitter.com\/share?url=https%3A%2F%2Fd-photography.org%2Fweb%2Fwerbeaufnahmen-von-sehenswuerdigkeiten-im-main-taunus-kreis-und-kreis-mainz-bingen%2F&text=Werbeaufnahmen%20von%20Sehensw%C3%BCrdigkeiten%20im%20Main-Taunus-Kreis%20und%20Kreis%20Mainz-Bingen\" title=\"Bei X (Twitter) teilen\" aria-label=\"Bei X (Twitter) teilen\" role=\"button\" rel=\"noreferrernoopener nofollow\" class=\"shariff-link\" style=\"; background-color:#000000; color:#fff\" target=\"_blank\"><span class=\"shariff-icon\" style=\"\"><svg xmlns=\"http:\/\/www.w3.org\/2000\/svg\" height=\"1em\" viewBox=\"0 0 512 512\"><!--! Font Awesome Free 6.4.2 by @fontawesome - https:\/\/fontawesome.com License - https:\/\/fontawesome.com\/license (Commercial License) Copyright 2023 Fonticons, Inc. --><style>svg{fill:#ffffff}<\/style><path d=\"M389.2 48h70.6L305.6 224.2 487 464H345L233.7 318.6 106.5 464H35.8L200.7 275.5 26.8 48H172.4L272.9 180.9 389.2 48zM364.4 421.8h39.1L151.1 88h-42L364.4 421.8z\"\/><\/svg><\/span><span class=\"shariff-text\">twittern<\/span>&nbsp;<\/a><\/li><li class=\"shariff-button pinterest shariff-nocustomcolor\" style=\"background-color:#e70f18\"><a href=\"https:\/\/www.pinterest.com\/pin\/create\/link\/?url=https%3A%2F%2Fd-photography.org%2Fweb%2Fwerbeaufnahmen-von-sehenswuerdigkeiten-im-main-taunus-kreis-und-kreis-mainz-bingen%2F&media=https%3A%2F%2Fd-photography.org%2Fweb%2Fwp-content%2Fuploads%2F2023%2F08%2FOppenheim-Katharinenkirche-11.jpg&description=Werbeaufnahmen%20von%20Sehensw%C3%BCrdigkeiten%20im%20Main-Taunus-Kreis%20und%20Kreis%20Mainz-Bingen\" title=\"Bei Pinterest pinnen\" aria-label=\"Bei Pinterest pinnen\" role=\"button\" rel=\"noreferrernoopener nofollow\" class=\"shariff-link\" style=\"; background-color:#cb2027; color:#fff\" target=\"_blank\"><span class=\"shariff-icon\" style=\"\"><svg width=\"32px\" height=\"20px\" xmlns=\"http:\/\/www.w3.org\/2000\/svg\" viewBox=\"0 0 27 32\"><path fill=\"#cb2027\" d=\"M27.4 16q0 3.7-1.8 6.9t-5 5-6.9 1.9q-2 0-3.9-0.6 1.1-1.7 1.4-2.9 0.2-0.6 1-3.8 0.4 0.7 1.3 1.2t2 0.5q2.1 0 3.8-1.2t2.7-3.4 0.9-4.8q0-2-1.1-3.8t-3.1-2.9-4.5-1.2q-1.9 0-3.5 0.5t-2.8 1.4-2 2-1.2 2.3-0.4 2.4q0 1.9 0.7 3.3t2.1 2q0.5 0.2 0.7-0.4 0-0.1 0.1-0.5t0.2-0.5q0.1-0.4-0.2-0.8-0.9-1.1-0.9-2.7 0-2.7 1.9-4.6t4.9-2q2.7 0 4.2 1.5t1.5 3.8q0 3-1.2 5.2t-3.1 2.1q-1.1 0-1.7-0.8t-0.4-1.9q0.1-0.6 0.5-1.7t0.5-1.8 0.2-1.4q0-0.9-0.5-1.5t-1.4-0.6q-1.1 0-1.9 1t-0.8 2.6q0 1.3 0.4 2.2l-1.8 7.5q-0.3 1.2-0.2 3.2-3.7-1.6-6-5t-2.3-7.6q0-3.7 1.9-6.9t5-5 6.9-1.9 6.9 1.9 5 5 1.8 6.9z\"\/><\/svg><\/span><span class=\"shariff-text\">merken<\/span>&nbsp;<\/a><\/li><li class=\"shariff-button rss shariff-nocustomcolor\" style=\"background-color:#ff8c00\"><a href=\"https:\/\/d-photography.org\/web\/feed\/rss\/\" title=\"RSS-feed\" aria-label=\"RSS-feed\" role=\"button\" class=\"shariff-link\" style=\"; background-color:#fe9312; color:#fff\" target=\"_blank\"><span class=\"shariff-icon\" style=\"\"><svg width=\"32px\" height=\"20px\" xmlns=\"http:\/\/www.w3.org\/2000\/svg\" viewBox=\"0 0 32 32\"><path fill=\"#fe9312\" d=\"M4.3 23.5c-2.3 0-4.3 1.9-4.3 4.3 0 2.3 1.9 4.2 4.3 4.2 2.4 0 4.3-1.9 4.3-4.2 0-2.3-1.9-4.3-4.3-4.3zM0 10.9v6.1c4 0 7.7 1.6 10.6 4.4 2.8 2.8 4.4 6.6 4.4 10.6h6.2c0-11.7-9.5-21.1-21.1-21.1zM0 0v6.1c14.2 0 25.8 11.6 25.8 25.9h6.2c0-17.6-14.4-32-32-32z\"\/><\/svg><\/span><span class=\"shariff-text\">RSS-feed<\/span>&nbsp;<\/a><\/li><\/ul><\/div>","protected":false},"excerpt":{"rendered":"","protected":false},"author":2,"featured_media":7437,"comment_status":"closed","ping_status":"closed","sticky":false,"template":"","format":"standard","meta":{"footnotes":""},"categories":[1],"tags":[],"class_list":["post-7399","post","type-post","status-publish","format-standard","has-post-thumbnail","hentry","category-allgemein"],"_links":{"self":[{"href":"https:\/\/d-photography.org\/web\/wp-json\/wp\/v2\/posts\/7399"}],"collection":[{"href":"https:\/\/d-photography.org\/web\/wp-json\/wp\/v2\/posts"}],"about":[{"href":"https:\/\/d-photography.org\/web\/wp-json\/wp\/v2\/types\/post"}],"author":[{"embeddable":true,"href":"https:\/\/d-photography.org\/web\/wp-json\/wp\/v2\/users\/2"}],"replies":[{"embeddable":true,"href":"https:\/\/d-photography.org\/web\/wp-json\/wp\/v2\/comments?post=7399"}],"version-history":[{"count":8,"href":"https:\/\/d-photography.org\/web\/wp-json\/wp\/v2\/posts\/7399\/revisions"}],"predecessor-version":[{"id":7501,"href":"https:\/\/d-photography.org\/web\/wp-json\/wp\/v2\/posts\/7399\/revisions\/7501"}],"wp:featuredmedia":[{"embeddable":true,"href":"https:\/\/d-photography.org\/web\/wp-json\/wp\/v2\/media\/7437"}],"wp:attachment":[{"href":"https:\/\/d-photography.org\/web\/wp-json\/wp\/v2\/media?parent=7399"}],"wp:term":[{"taxonomy":"category","embeddable":true,"href":"https:\/\/d-photography.org\/web\/wp-json\/wp\/v2\/categories?post=7399"},{"taxonomy":"post_tag","embeddable":true,"href":"https:\/\/d-photography.org\/web\/wp-json\/wp\/v2\/tags?post=7399"}],"curies":[{"name":"wp","href":"https:\/\/api.w.org\/{rel}","templated":true}]}}