{"id":7019,"date":"2019-08-13T12:38:21","date_gmt":"2019-08-13T10:38:21","guid":{"rendered":"https:\/\/d-photography.org\/web\/?p=7019"},"modified":"2019-08-13T12:39:31","modified_gmt":"2019-08-13T10:39:31","slug":"shooting-windkraft-mainova-ag","status":"publish","type":"post","link":"https:\/\/d-photography.org\/web\/shooting-windkraft-mainova-ag\/","title":{"rendered":"Shooting Windkraft Mainova AG"},"content":{"rendered":"\n<figure class=\"wp-block-embed-vimeo wp-block-embed is-type-video is-provider-vimeo wp-embed-aspect-16-9 wp-has-aspect-ratio\"><div class=\"wp-block-embed__wrapper\">\n<div class='avia-iframe-wrap'><iframe loading=\"lazy\" src=\"https:\/\/player.vimeo.com\/video\/353541701?dnt=1&#038;app_id=122963\" width=\"1500\" height=\"844\" frameborder=\"0\" title=\"Mainova Windr&auml;der\" allow=\"autoplay; fullscreen\" allowfullscreen><\/iframe><\/div>\n<\/div><figcaption>F\u00fcr die Mainova AG produzierte ich \u00fcber zwei neue Windkraftanlagen sowohl Video als auch Foto. Die Videos waren speziell auf Social Media zugeschnitten. Sowohl von L\u00e4nge, als auch Format gibt es verschiedene Versionen beispielsweise f\u00fcr Facebook, Youtube und Instagram. <br><br>Hinzu kommen Fotoaufnahmen, die im gleichen Look zum Video passen und aus einer Hand stammen. Ein Service, den mittlerweile zahlreiche Kunden sehr sch\u00e4tzen, da dieser zudem deutlich g\u00fcnstiger ist, als verschiedene Teams zu engagieren. <br><br>Zum Auftrag z\u00e4hlten ausserdem Drohnenaufnahmen und Pressefotos, die am gleichen Termin erstellt werden sollten. Selbstverst\u00e4ndlich ebenfalls aus einer Hand. Hier gibt es nun ein paar Ergebnisse zu sehen. <br><\/figcaption><\/figure>\n\n\n\n<figure class=\"wp-block-image\"><img loading=\"lazy\" decoding=\"async\" width=\"1030\" height=\"687\" src=\"https:\/\/d-photography.org\/web\/wp-content\/uploads\/2019\/08\/Fotos-Windra\u0308der-Karben-18-1030x687.jpg\" alt=\"\" class=\"wp-image-7020\" srcset=\"https:\/\/d-photography.org\/web\/wp-content\/uploads\/2019\/08\/Fotos-Windra\u0308der-Karben-18-1030x687.jpg 1030w, https:\/\/d-photography.org\/web\/wp-content\/uploads\/2019\/08\/Fotos-Windra\u0308der-Karben-18-300x200.jpg 300w, https:\/\/d-photography.org\/web\/wp-content\/uploads\/2019\/08\/Fotos-Windra\u0308der-Karben-18-768x512.jpg 768w, https:\/\/d-photography.org\/web\/wp-content\/uploads\/2019\/08\/Fotos-Windra\u0308der-Karben-18-1500x1000.jpg 1500w, https:\/\/d-photography.org\/web\/wp-content\/uploads\/2019\/08\/Fotos-Windra\u0308der-Karben-18-705x470.jpg 705w, https:\/\/d-photography.org\/web\/wp-content\/uploads\/2019\/08\/Fotos-Windra\u0308der-Karben-18-450x300.jpg 450w\" sizes=\"(max-width: 1030px) 100vw, 1030px\" \/><\/figure>\n\n\n\n<figure class=\"wp-block-image\"><img loading=\"lazy\" decoding=\"async\" width=\"1030\" height=\"687\" src=\"https:\/\/d-photography.org\/web\/wp-content\/uploads\/2019\/08\/Fotos-Windra\u0308der-Karben-6-1030x687.jpg\" alt=\"\" class=\"wp-image-7021\" srcset=\"https:\/\/d-photography.org\/web\/wp-content\/uploads\/2019\/08\/Fotos-Windra\u0308der-Karben-6-1030x687.jpg 1030w, https:\/\/d-photography.org\/web\/wp-content\/uploads\/2019\/08\/Fotos-Windra\u0308der-Karben-6-300x200.jpg 300w, https:\/\/d-photography.org\/web\/wp-content\/uploads\/2019\/08\/Fotos-Windra\u0308der-Karben-6-768x512.jpg 768w, https:\/\/d-photography.org\/web\/wp-content\/uploads\/2019\/08\/Fotos-Windra\u0308der-Karben-6-1500x1000.jpg 1500w, https:\/\/d-photography.org\/web\/wp-content\/uploads\/2019\/08\/Fotos-Windra\u0308der-Karben-6-705x470.jpg 705w, https:\/\/d-photography.org\/web\/wp-content\/uploads\/2019\/08\/Fotos-Windra\u0308der-Karben-6-450x300.jpg 450w\" sizes=\"(max-width: 1030px) 100vw, 1030px\" \/><\/figure>\n\n\n\n<figure class=\"wp-block-image\"><img loading=\"lazy\" decoding=\"async\" width=\"1030\" height=\"579\" src=\"https:\/\/d-photography.org\/web\/wp-content\/uploads\/2019\/08\/Drohnenfotos-23-1030x579.jpg\" alt=\"\" class=\"wp-image-7022\" srcset=\"https:\/\/d-photography.org\/web\/wp-content\/uploads\/2019\/08\/Drohnenfotos-23-1030x579.jpg 1030w, https:\/\/d-photography.org\/web\/wp-content\/uploads\/2019\/08\/Drohnenfotos-23-300x169.jpg 300w, https:\/\/d-photography.org\/web\/wp-content\/uploads\/2019\/08\/Drohnenfotos-23-768x432.jpg 768w, https:\/\/d-photography.org\/web\/wp-content\/uploads\/2019\/08\/Drohnenfotos-23-1500x843.jpg 1500w, https:\/\/d-photography.org\/web\/wp-content\/uploads\/2019\/08\/Drohnenfotos-23-705x396.jpg 705w, https:\/\/d-photography.org\/web\/wp-content\/uploads\/2019\/08\/Drohnenfotos-23-450x253.jpg 450w\" sizes=\"(max-width: 1030px) 100vw, 1030px\" \/><\/figure>\n\n\n\n<figure class=\"wp-block-image\"><img loading=\"lazy\" decoding=\"async\" width=\"1030\" height=\"687\" src=\"https:\/\/d-photography.org\/web\/wp-content\/uploads\/2019\/08\/Fotos-Windra\u0308der-Karben-35-1030x687.jpg\" alt=\"\" class=\"wp-image-7023\" srcset=\"https:\/\/d-photography.org\/web\/wp-content\/uploads\/2019\/08\/Fotos-Windra\u0308der-Karben-35-1030x687.jpg 1030w, https:\/\/d-photography.org\/web\/wp-content\/uploads\/2019\/08\/Fotos-Windra\u0308der-Karben-35-300x200.jpg 300w, https:\/\/d-photography.org\/web\/wp-content\/uploads\/2019\/08\/Fotos-Windra\u0308der-Karben-35-768x512.jpg 768w, https:\/\/d-photography.org\/web\/wp-content\/uploads\/2019\/08\/Fotos-Windra\u0308der-Karben-35-1500x1000.jpg 1500w, https:\/\/d-photography.org\/web\/wp-content\/uploads\/2019\/08\/Fotos-Windra\u0308der-Karben-35-705x470.jpg 705w, https:\/\/d-photography.org\/web\/wp-content\/uploads\/2019\/08\/Fotos-Windra\u0308der-Karben-35-450x300.jpg 450w\" sizes=\"(max-width: 1030px) 100vw, 1030px\" \/><\/figure>\n\n\n\n<figure class=\"wp-block-image\"><img loading=\"lazy\" decoding=\"async\" width=\"1030\" height=\"687\" src=\"https:\/\/d-photography.org\/web\/wp-content\/uploads\/2019\/08\/Fotos-Windra\u0308der-Karben-85-1030x687.jpg\" alt=\"\" class=\"wp-image-7024\" srcset=\"https:\/\/d-photography.org\/web\/wp-content\/uploads\/2019\/08\/Fotos-Windra\u0308der-Karben-85-1030x687.jpg 1030w, https:\/\/d-photography.org\/web\/wp-content\/uploads\/2019\/08\/Fotos-Windra\u0308der-Karben-85-300x200.jpg 300w, https:\/\/d-photography.org\/web\/wp-content\/uploads\/2019\/08\/Fotos-Windra\u0308der-Karben-85-768x512.jpg 768w, https:\/\/d-photography.org\/web\/wp-content\/uploads\/2019\/08\/Fotos-Windra\u0308der-Karben-85-1500x1000.jpg 1500w, https:\/\/d-photography.org\/web\/wp-content\/uploads\/2019\/08\/Fotos-Windra\u0308der-Karben-85-705x470.jpg 705w, https:\/\/d-photography.org\/web\/wp-content\/uploads\/2019\/08\/Fotos-Windra\u0308der-Karben-85-450x300.jpg 450w\" sizes=\"(max-width: 1030px) 100vw, 1030px\" \/><\/figure>\n\n\n\n<figure class=\"wp-block-image\"><img loading=\"lazy\" decoding=\"async\" width=\"1030\" height=\"687\" src=\"https:\/\/d-photography.org\/web\/wp-content\/uploads\/2019\/08\/Fotos-Windra\u0308der-Karben-30-1030x687.jpg\" alt=\"\" class=\"wp-image-7025\" srcset=\"https:\/\/d-photography.org\/web\/wp-content\/uploads\/2019\/08\/Fotos-Windra\u0308der-Karben-30-1030x687.jpg 1030w, https:\/\/d-photography.org\/web\/wp-content\/uploads\/2019\/08\/Fotos-Windra\u0308der-Karben-30-300x200.jpg 300w, https:\/\/d-photography.org\/web\/wp-content\/uploads\/2019\/08\/Fotos-Windra\u0308der-Karben-30-768x512.jpg 768w, https:\/\/d-photography.org\/web\/wp-content\/uploads\/2019\/08\/Fotos-Windra\u0308der-Karben-30-1500x1000.jpg 1500w, https:\/\/d-photography.org\/web\/wp-content\/uploads\/2019\/08\/Fotos-Windra\u0308der-Karben-30-705x470.jpg 705w, https:\/\/d-photography.org\/web\/wp-content\/uploads\/2019\/08\/Fotos-Windra\u0308der-Karben-30-450x300.jpg 450w\" sizes=\"(max-width: 1030px) 100vw, 1030px\" \/><\/figure>\n\n\n\n<figure class=\"wp-block-image\"><img loading=\"lazy\" decoding=\"async\" width=\"1030\" height=\"687\" src=\"https:\/\/d-photography.org\/web\/wp-content\/uploads\/2019\/08\/Fotos-Windra\u0308der-Karben-10-1030x687.jpg\" alt=\"\" class=\"wp-image-7026\" srcset=\"https:\/\/d-photography.org\/web\/wp-content\/uploads\/2019\/08\/Fotos-Windra\u0308der-Karben-10-1030x687.jpg 1030w, https:\/\/d-photography.org\/web\/wp-content\/uploads\/2019\/08\/Fotos-Windra\u0308der-Karben-10-300x200.jpg 300w, https:\/\/d-photography.org\/web\/wp-content\/uploads\/2019\/08\/Fotos-Windra\u0308der-Karben-10-768x512.jpg 768w, https:\/\/d-photography.org\/web\/wp-content\/uploads\/2019\/08\/Fotos-Windra\u0308der-Karben-10-1500x1000.jpg 1500w, https:\/\/d-photography.org\/web\/wp-content\/uploads\/2019\/08\/Fotos-Windra\u0308der-Karben-10-705x470.jpg 705w, https:\/\/d-photography.org\/web\/wp-content\/uploads\/2019\/08\/Fotos-Windra\u0308der-Karben-10-450x300.jpg 450w\" sizes=\"(max-width: 1030px) 100vw, 1030px\" \/><\/figure>\n\n\n\n<figure class=\"wp-block-image\"><img loading=\"lazy\" decoding=\"async\" width=\"1030\" height=\"687\" src=\"https:\/\/d-photography.org\/web\/wp-content\/uploads\/2019\/08\/Fotos-Windra\u0308der-Karben-31-1030x687.jpg\" alt=\"\" class=\"wp-image-7027\" srcset=\"https:\/\/d-photography.org\/web\/wp-content\/uploads\/2019\/08\/Fotos-Windra\u0308der-Karben-31-1030x687.jpg 1030w, https:\/\/d-photography.org\/web\/wp-content\/uploads\/2019\/08\/Fotos-Windra\u0308der-Karben-31-300x200.jpg 300w, https:\/\/d-photography.org\/web\/wp-content\/uploads\/2019\/08\/Fotos-Windra\u0308der-Karben-31-768x512.jpg 768w, https:\/\/d-photography.org\/web\/wp-content\/uploads\/2019\/08\/Fotos-Windra\u0308der-Karben-31-1500x1000.jpg 1500w, https:\/\/d-photography.org\/web\/wp-content\/uploads\/2019\/08\/Fotos-Windra\u0308der-Karben-31-705x470.jpg 705w, https:\/\/d-photography.org\/web\/wp-content\/uploads\/2019\/08\/Fotos-Windra\u0308der-Karben-31-450x300.jpg 450w\" sizes=\"(max-width: 1030px) 100vw, 1030px\" \/><\/figure>\n\n\n\n<figure class=\"wp-block-image\"><img loading=\"lazy\" decoding=\"async\" width=\"1030\" height=\"687\" src=\"https:\/\/d-photography.org\/web\/wp-content\/uploads\/2019\/08\/Fotos-Windra\u0308der-Karben-13-1030x687.jpg\" alt=\"\" class=\"wp-image-7028\" srcset=\"https:\/\/d-photography.org\/web\/wp-content\/uploads\/2019\/08\/Fotos-Windra\u0308der-Karben-13-1030x687.jpg 1030w, https:\/\/d-photography.org\/web\/wp-content\/uploads\/2019\/08\/Fotos-Windra\u0308der-Karben-13-300x200.jpg 300w, https:\/\/d-photography.org\/web\/wp-content\/uploads\/2019\/08\/Fotos-Windra\u0308der-Karben-13-768x512.jpg 768w, https:\/\/d-photography.org\/web\/wp-content\/uploads\/2019\/08\/Fotos-Windra\u0308der-Karben-13-1500x1000.jpg 1500w, https:\/\/d-photography.org\/web\/wp-content\/uploads\/2019\/08\/Fotos-Windra\u0308der-Karben-13-705x470.jpg 705w, https:\/\/d-photography.org\/web\/wp-content\/uploads\/2019\/08\/Fotos-Windra\u0308der-Karben-13-450x300.jpg 450w\" sizes=\"(max-width: 1030px) 100vw, 1030px\" \/><\/figure>\n\n\n\n<figure class=\"wp-block-image\"><img loading=\"lazy\" decoding=\"async\" width=\"1030\" height=\"687\" src=\"https:\/\/d-photography.org\/web\/wp-content\/uploads\/2019\/08\/Fotos-Windra\u0308der-Karben-70-1030x687.jpg\" alt=\"\" class=\"wp-image-7029\" srcset=\"https:\/\/d-photography.org\/web\/wp-content\/uploads\/2019\/08\/Fotos-Windra\u0308der-Karben-70-1030x687.jpg 1030w, https:\/\/d-photography.org\/web\/wp-content\/uploads\/2019\/08\/Fotos-Windra\u0308der-Karben-70-300x200.jpg 300w, https:\/\/d-photography.org\/web\/wp-content\/uploads\/2019\/08\/Fotos-Windra\u0308der-Karben-70-768x512.jpg 768w, https:\/\/d-photography.org\/web\/wp-content\/uploads\/2019\/08\/Fotos-Windra\u0308der-Karben-70-1500x1000.jpg 1500w, https:\/\/d-photography.org\/web\/wp-content\/uploads\/2019\/08\/Fotos-Windra\u0308der-Karben-70-705x470.jpg 705w, https:\/\/d-photography.org\/web\/wp-content\/uploads\/2019\/08\/Fotos-Windra\u0308der-Karben-70-450x300.jpg 450w\" sizes=\"(max-width: 1030px) 100vw, 1030px\" \/><\/figure>\n<div class=\"shariff shariff-align-center shariff-widget-align-flex-start shariff-buttonstretch\"><ul class=\"shariff-buttons theme-color orientation-horizontal buttonsize-medium\"><li class=\"shariff-button facebook shariff-nocustomcolor\" style=\"background-color:#4273c8\"><a href=\"https:\/\/www.facebook.com\/sharer\/sharer.php?u=https%3A%2F%2Fd-photography.org%2Fweb%2Fshooting-windkraft-mainova-ag%2F\" title=\"Bei Facebook teilen\" aria-label=\"Bei Facebook teilen\" role=\"button\" rel=\"noreferrernoopener nofollow\" class=\"shariff-link\" style=\"; background-color:#3b5998; color:#fff\" target=\"_blank\"><span class=\"shariff-icon\" style=\"\"><svg width=\"32px\" height=\"20px\" xmlns=\"http:\/\/www.w3.org\/2000\/svg\" viewBox=\"0 0 18 32\"><path fill=\"#3b5998\" d=\"M17.1 0.2v4.7h-2.8q-1.5 0-2.1 0.6t-0.5 1.9v3.4h5.2l-0.7 5.3h-4.5v13.6h-5.5v-13.6h-4.5v-5.3h4.5v-3.9q0-3.3 1.9-5.2t5-1.8q2.6 0 4.1 0.2z\"\/><\/svg><\/span><span class=\"shariff-text\">teilen<\/span>&nbsp;<\/a><\/li><li class=\"shariff-button twitter shariff-nocustomcolor\" style=\"background-color:#1e3050\"><a href=\"https:\/\/twitter.com\/share?url=https%3A%2F%2Fd-photography.org%2Fweb%2Fshooting-windkraft-mainova-ag%2F&text=Shooting%20Windkraft%20Mainova%20AG\" title=\"Bei X (Twitter) teilen\" aria-label=\"Bei X (Twitter) teilen\" role=\"button\" rel=\"noreferrernoopener nofollow\" class=\"shariff-link\" style=\"; background-color:#000000; color:#fff\" target=\"_blank\"><span class=\"shariff-icon\" style=\"\"><svg xmlns=\"http:\/\/www.w3.org\/2000\/svg\" height=\"1em\" viewBox=\"0 0 512 512\"><!--! Font Awesome Free 6.4.2 by @fontawesome - https:\/\/fontawesome.com License - https:\/\/fontawesome.com\/license (Commercial License) Copyright 2023 Fonticons, Inc. --><style>svg{fill:#ffffff}<\/style><path d=\"M389.2 48h70.6L305.6 224.2 487 464H345L233.7 318.6 106.5 464H35.8L200.7 275.5 26.8 48H172.4L272.9 180.9 389.2 48zM364.4 421.8h39.1L151.1 88h-42L364.4 421.8z\"\/><\/svg><\/span><span class=\"shariff-text\">twittern<\/span>&nbsp;<\/a><\/li><li class=\"shariff-button pinterest shariff-nocustomcolor\" style=\"background-color:#e70f18\"><a href=\"https:\/\/www.pinterest.com\/pin\/create\/link\/?url=https%3A%2F%2Fd-photography.org%2Fweb%2Fshooting-windkraft-mainova-ag%2F&media=https%3A%2F%2Fd-photography.org%2Fweb%2Fwp-content%2Fuploads%2F2019%2F08%2FFotos-Windra%CC%88der-Karben-13.jpg&description=Shooting%20Windkraft%20Mainova%20AG\" title=\"Bei Pinterest pinnen\" aria-label=\"Bei Pinterest pinnen\" role=\"button\" rel=\"noreferrernoopener nofollow\" class=\"shariff-link\" style=\"; background-color:#cb2027; color:#fff\" target=\"_blank\"><span class=\"shariff-icon\" style=\"\"><svg width=\"32px\" height=\"20px\" xmlns=\"http:\/\/www.w3.org\/2000\/svg\" viewBox=\"0 0 27 32\"><path fill=\"#cb2027\" d=\"M27.4 16q0 3.7-1.8 6.9t-5 5-6.9 1.9q-2 0-3.9-0.6 1.1-1.7 1.4-2.9 0.2-0.6 1-3.8 0.4 0.7 1.3 1.2t2 0.5q2.1 0 3.8-1.2t2.7-3.4 0.9-4.8q0-2-1.1-3.8t-3.1-2.9-4.5-1.2q-1.9 0-3.5 0.5t-2.8 1.4-2 2-1.2 2.3-0.4 2.4q0 1.9 0.7 3.3t2.1 2q0.5 0.2 0.7-0.4 0-0.1 0.1-0.5t0.2-0.5q0.1-0.4-0.2-0.8-0.9-1.1-0.9-2.7 0-2.7 1.9-4.6t4.9-2q2.7 0 4.2 1.5t1.5 3.8q0 3-1.2 5.2t-3.1 2.1q-1.1 0-1.7-0.8t-0.4-1.9q0.1-0.6 0.5-1.7t0.5-1.8 0.2-1.4q0-0.9-0.5-1.5t-1.4-0.6q-1.1 0-1.9 1t-0.8 2.6q0 1.3 0.4 2.2l-1.8 7.5q-0.3 1.2-0.2 3.2-3.7-1.6-6-5t-2.3-7.6q0-3.7 1.9-6.9t5-5 6.9-1.9 6.9 1.9 5 5 1.8 6.9z\"\/><\/svg><\/span><span class=\"shariff-text\">merken<\/span>&nbsp;<\/a><\/li><li class=\"shariff-button rss shariff-nocustomcolor\" style=\"background-color:#ff8c00\"><a href=\"https:\/\/d-photography.org\/web\/feed\/rss\/\" title=\"RSS-feed\" aria-label=\"RSS-feed\" role=\"button\" class=\"shariff-link\" style=\"; background-color:#fe9312; color:#fff\" target=\"_blank\"><span class=\"shariff-icon\" style=\"\"><svg width=\"32px\" height=\"20px\" xmlns=\"http:\/\/www.w3.org\/2000\/svg\" viewBox=\"0 0 32 32\"><path fill=\"#fe9312\" d=\"M4.3 23.5c-2.3 0-4.3 1.9-4.3 4.3 0 2.3 1.9 4.2 4.3 4.2 2.4 0 4.3-1.9 4.3-4.2 0-2.3-1.9-4.3-4.3-4.3zM0 10.9v6.1c4 0 7.7 1.6 10.6 4.4 2.8 2.8 4.4 6.6 4.4 10.6h6.2c0-11.7-9.5-21.1-21.1-21.1zM0 0v6.1c14.2 0 25.8 11.6 25.8 25.9h6.2c0-17.6-14.4-32-32-32z\"\/><\/svg><\/span><span class=\"shariff-text\">RSS-feed<\/span>&nbsp;<\/a><\/li><\/ul><\/div>","protected":false},"excerpt":{"rendered":"","protected":false},"author":2,"featured_media":7028,"comment_status":"closed","ping_status":"closed","sticky":false,"template":"","format":"standard","meta":{"footnotes":""},"categories":[40],"tags":[],"class_list":["post-7019","post","type-post","status-publish","format-standard","has-post-thumbnail","hentry","category-projekte"],"_links":{"self":[{"href":"https:\/\/d-photography.org\/web\/wp-json\/wp\/v2\/posts\/7019"}],"collection":[{"href":"https:\/\/d-photography.org\/web\/wp-json\/wp\/v2\/posts"}],"about":[{"href":"https:\/\/d-photography.org\/web\/wp-json\/wp\/v2\/types\/post"}],"author":[{"embeddable":true,"href":"https:\/\/d-photography.org\/web\/wp-json\/wp\/v2\/users\/2"}],"replies":[{"embeddable":true,"href":"https:\/\/d-photography.org\/web\/wp-json\/wp\/v2\/comments?post=7019"}],"version-history":[{"count":2,"href":"https:\/\/d-photography.org\/web\/wp-json\/wp\/v2\/posts\/7019\/revisions"}],"predecessor-version":[{"id":7031,"href":"https:\/\/d-photography.org\/web\/wp-json\/wp\/v2\/posts\/7019\/revisions\/7031"}],"wp:featuredmedia":[{"embeddable":true,"href":"https:\/\/d-photography.org\/web\/wp-json\/wp\/v2\/media\/7028"}],"wp:attachment":[{"href":"https:\/\/d-photography.org\/web\/wp-json\/wp\/v2\/media?parent=7019"}],"wp:term":[{"taxonomy":"category","embeddable":true,"href":"https:\/\/d-photography.org\/web\/wp-json\/wp\/v2\/categories?post=7019"},{"taxonomy":"post_tag","embeddable":true,"href":"https:\/\/d-photography.org\/web\/wp-json\/wp\/v2\/tags?post=7019"}],"curies":[{"name":"wp","href":"https:\/\/api.w.org\/{rel}","templated":true}]}}