{"id":5227,"date":"2017-11-07T15:01:58","date_gmt":"2017-11-07T14:01:58","guid":{"rendered":"http:\/\/d-photography.org\/main\/?p=5227"},"modified":"2018-07-23T13:11:38","modified_gmt":"2018-07-23T11:11:38","slug":"imageaufnahmen-vitos-teilhabe-gemeinnuetzige-gmbh","status":"publish","type":"post","link":"https:\/\/d-photography.org\/web\/imageaufnahmen-vitos-teilhabe-gemeinnuetzige-gmbh\/","title":{"rendered":"Imageaufnahmen Vitos Teilhabe gemeinn\u00fctzige GmbH"},"content":{"rendered":"<p>F\u00fcr die Vitos Teilhabe gemeinn\u00fctzige GmbH reiste ich in diesem Jahr quer durch Hessen und fotografierte den Alltag der Bewohner in den dortigen Einrichtungen. Dabei lernte ich ganz besondere Menschen kennen, nahm viele Eindr\u00fccke mit und hatte viel Spa\u00df bei den Shootings. Hier gibts ein paar Ergebnisse.<\/p>\n<p><img loading=\"lazy\" decoding=\"async\" class=\"alignnone size-full wp-image-5226\" src=\"https:\/\/d-photography.org\/main\/wp-content\/uploads\/2014\/02\/Vitos-Idstein-Tag-2-275.jpg\" alt=\"\" width=\"2000\" height=\"1333\" \/><\/p>\n<p><img loading=\"lazy\" decoding=\"async\" class=\"alignnone size-full wp-image-5225\" src=\"https:\/\/d-photography.org\/main\/wp-content\/uploads\/2014\/02\/Vitos-Idstein-Tag-2-254.jpg\" alt=\"\" width=\"2000\" height=\"1333\" \/><\/p>\n<p><img loading=\"lazy\" decoding=\"async\" class=\"alignnone size-full wp-image-5224\" src=\"https:\/\/d-photography.org\/main\/wp-content\/uploads\/2014\/02\/Vitos-Idstein-Tag-2-216.jpg\" alt=\"\" width=\"2000\" height=\"1333\" \/><\/p>\n<p><img loading=\"lazy\" decoding=\"async\" class=\"alignnone size-full wp-image-5223\" src=\"https:\/\/d-photography.org\/main\/wp-content\/uploads\/2014\/02\/Vitos-Idstein-Tag-2-201.jpg\" alt=\"\" width=\"2000\" height=\"1333\" \/><\/p>\n<p><img loading=\"lazy\" decoding=\"async\" class=\"alignnone size-full wp-image-5222\" src=\"https:\/\/d-photography.org\/main\/wp-content\/uploads\/2014\/02\/Vitos-Idstein-Tag-2-185.jpg\" alt=\"\" width=\"2000\" height=\"1333\" \/><\/p>\n<p><img loading=\"lazy\" decoding=\"async\" class=\"alignnone size-full wp-image-5221\" src=\"https:\/\/d-photography.org\/main\/wp-content\/uploads\/2014\/02\/Vitos-Idstein-Tag-2-113.jpg\" alt=\"\" width=\"2000\" height=\"1333\" \/><\/p>\n<p><img loading=\"lazy\" decoding=\"async\" class=\"alignnone size-full wp-image-5220\" src=\"https:\/\/d-photography.org\/main\/wp-content\/uploads\/2014\/02\/Vitos-Idstein-Tag-2-96.jpg\" alt=\"\" width=\"2000\" height=\"1333\" \/><\/p>\n<p><img loading=\"lazy\" decoding=\"async\" class=\"alignnone size-full wp-image-5219\" src=\"https:\/\/d-photography.org\/main\/wp-content\/uploads\/2014\/02\/Vitos-Idstein-Tag-2-76.jpg\" alt=\"\" width=\"2000\" height=\"1333\" \/><\/p>\n<p><img loading=\"lazy\" decoding=\"async\" class=\"alignnone size-full wp-image-5218\" src=\"https:\/\/d-photography.org\/main\/wp-content\/uploads\/2014\/02\/Vitos-Idstein-Tag-2-62.jpg\" alt=\"\" width=\"2000\" height=\"1333\" \/><\/p>\n<p><img loading=\"lazy\" decoding=\"async\" class=\"alignnone size-full wp-image-5217\" src=\"https:\/\/d-photography.org\/main\/wp-content\/uploads\/2014\/02\/Vitos-Idstein-Tag-2-33.jpg\" alt=\"\" width=\"2000\" height=\"1333\" \/><\/p>\n<p><img loading=\"lazy\" decoding=\"async\" class=\"alignnone size-full wp-image-5216\" src=\"https:\/\/d-photography.org\/main\/wp-content\/uploads\/2014\/02\/Vitos-Idstein-Tag-2-8.jpg\" alt=\"\" width=\"2000\" height=\"1333\" \/><\/p>\n<p><img loading=\"lazy\" decoding=\"async\" class=\"alignnone size-full wp-image-5215\" src=\"https:\/\/d-photography.org\/main\/wp-content\/uploads\/2014\/02\/vitos-Idstein-Tag-1-264.jpg\" alt=\"\" width=\"2000\" height=\"1333\" \/><\/p>\n<p><img loading=\"lazy\" decoding=\"async\" class=\"alignnone size-full wp-image-5214\" src=\"https:\/\/d-photography.org\/main\/wp-content\/uploads\/2014\/02\/vitos-Idstein-Tag-1-192.jpg\" alt=\"\" width=\"2000\" height=\"1333\" \/><\/p>\n<p><img loading=\"lazy\" decoding=\"async\" class=\"alignnone size-full wp-image-5213\" src=\"https:\/\/d-photography.org\/main\/wp-content\/uploads\/2014\/02\/vitos-Idstein-Tag-1-125.jpg\" alt=\"\" width=\"2000\" height=\"1333\" \/><\/p>\n<p><img loading=\"lazy\" decoding=\"async\" class=\"alignnone size-full wp-image-5212\" src=\"https:\/\/d-photography.org\/main\/wp-content\/uploads\/2014\/02\/vitos-Idstein-Tag-1-114.jpg\" alt=\"\" width=\"2000\" height=\"1333\" \/><\/p>\n<p><img loading=\"lazy\" decoding=\"async\" class=\"alignnone size-full wp-image-5211\" src=\"https:\/\/d-photography.org\/main\/wp-content\/uploads\/2014\/02\/vitos-Idstein-Tag-1-95.jpg\" alt=\"\" width=\"2000\" height=\"1333\" \/><\/p>\n<p><img loading=\"lazy\" decoding=\"async\" class=\"alignnone size-full wp-image-5210\" src=\"https:\/\/d-photography.org\/main\/wp-content\/uploads\/2014\/02\/vitos-Idstein-Tag-1-65.jpg\" alt=\"\" width=\"2000\" height=\"1333\" \/><\/p>\n<p><img loading=\"lazy\" decoding=\"async\" class=\"alignnone size-full wp-image-5209\" src=\"https:\/\/d-photography.org\/main\/wp-content\/uploads\/2014\/02\/vitos-Idstein-Tag-1-42.jpg\" alt=\"\" width=\"2000\" height=\"1333\" \/><\/p>\n<p><img loading=\"lazy\" decoding=\"async\" class=\"alignnone size-full wp-image-5208\" src=\"https:\/\/d-photography.org\/main\/wp-content\/uploads\/2014\/02\/vitos-Idstein-Tag-1-17.jpg\" alt=\"\" width=\"2000\" height=\"1333\" \/><\/p>\n<p><img loading=\"lazy\" decoding=\"async\" class=\"alignnone size-full wp-image-5207\" src=\"https:\/\/d-photography.org\/main\/wp-content\/uploads\/2014\/02\/Imageaufnahmen-vitos-561.jpg\" alt=\"\" width=\"2000\" height=\"1333\" \/><\/p>\n<p><img loading=\"lazy\" decoding=\"async\" class=\"alignnone size-full wp-image-5206\" src=\"https:\/\/d-photography.org\/main\/wp-content\/uploads\/2014\/02\/Imageaufnahmen-vitos-465.jpg\" alt=\"\" width=\"2000\" height=\"1333\" \/><\/p>\n<p><img loading=\"lazy\" decoding=\"async\" class=\"alignnone size-full wp-image-5205\" src=\"https:\/\/d-photography.org\/main\/wp-content\/uploads\/2014\/02\/Imageaufnahmen-vitos-457.jpg\" alt=\"\" width=\"2000\" height=\"1333\" \/><\/p>\n<p><img loading=\"lazy\" decoding=\"async\" class=\"alignnone size-full wp-image-5204\" src=\"https:\/\/d-photography.org\/main\/wp-content\/uploads\/2014\/02\/Imageaufnahmen-vitos-437.jpg\" alt=\"\" width=\"2000\" height=\"1333\" \/><\/p>\n<p><img loading=\"lazy\" decoding=\"async\" class=\"alignnone size-full wp-image-5203\" src=\"https:\/\/d-photography.org\/main\/wp-content\/uploads\/2014\/02\/Imageaufnahmen-vitos-410.jpg\" alt=\"\" width=\"2000\" height=\"1333\" \/><\/p>\n<p><img loading=\"lazy\" decoding=\"async\" class=\"alignnone size-full wp-image-5202\" src=\"https:\/\/d-photography.org\/main\/wp-content\/uploads\/2014\/02\/Imageaufnahmen-vitos-373.jpg\" alt=\"\" width=\"2000\" height=\"1333\" \/><\/p>\n<p><img loading=\"lazy\" decoding=\"async\" class=\"alignnone size-full wp-image-5201\" src=\"https:\/\/d-photography.org\/main\/wp-content\/uploads\/2014\/02\/Imageaufnahmen-vitos-353.jpg\" alt=\"\" width=\"2000\" height=\"1333\" \/><\/p>\n<p><img loading=\"lazy\" decoding=\"async\" class=\"alignnone size-full wp-image-5200\" src=\"https:\/\/d-photography.org\/main\/wp-content\/uploads\/2014\/02\/Imageaufnahmen-vitos-325.jpg\" alt=\"\" width=\"2000\" height=\"1333\" \/><\/p>\n<p><img loading=\"lazy\" decoding=\"async\" class=\"alignnone size-full wp-image-5199\" src=\"https:\/\/d-photography.org\/main\/wp-content\/uploads\/2014\/02\/Imageaufnahmen-vitos-295.jpg\" alt=\"\" width=\"2000\" height=\"1333\" \/><\/p>\n<p><img loading=\"lazy\" decoding=\"async\" class=\"alignnone size-full wp-image-5198\" src=\"https:\/\/d-photography.org\/main\/wp-content\/uploads\/2014\/02\/Imageaufnahmen-vitos-111.jpg\" alt=\"\" width=\"2000\" height=\"1333\" \/><\/p>\n<p><img loading=\"lazy\" decoding=\"async\" class=\"alignnone size-full wp-image-5197\" src=\"https:\/\/d-photography.org\/main\/wp-content\/uploads\/2014\/02\/Imageaufnahmen-vitos-74.jpg\" alt=\"\" width=\"2000\" height=\"1333\" \/><\/p>\n<p><img loading=\"lazy\" decoding=\"async\" class=\"alignnone size-full wp-image-5195\" src=\"https:\/\/d-photography.org\/main\/wp-content\/uploads\/2014\/02\/Imageaufnahmen-vitos-54.jpg\" alt=\"\" width=\"2000\" height=\"1333\" \/><\/p>\n<p><img loading=\"lazy\" decoding=\"async\" class=\"alignnone size-full wp-image-5194\" src=\"https:\/\/d-photography.org\/main\/wp-content\/uploads\/2014\/02\/Imageaufnahmen-vitos-2.jpg\" alt=\"\" width=\"2000\" height=\"1333\" \/><\/p>\n<p>Im Fr\u00fchjahr geht dieses besondere Projekt weiter.<\/p>\n<div class=\"shariff shariff-align-center shariff-widget-align-flex-start shariff-buttonstretch\"><ul class=\"shariff-buttons theme-color orientation-horizontal buttonsize-medium\"><li class=\"shariff-button facebook shariff-nocustomcolor\" style=\"background-color:#4273c8\"><a href=\"https:\/\/www.facebook.com\/sharer\/sharer.php?u=https%3A%2F%2Fd-photography.org%2Fweb%2Fimageaufnahmen-vitos-teilhabe-gemeinnuetzige-gmbh%2F\" title=\"Bei Facebook teilen\" aria-label=\"Bei Facebook teilen\" role=\"button\" rel=\"noreferrernoopener nofollow\" class=\"shariff-link\" style=\"; background-color:#3b5998; color:#fff\" target=\"_blank\"><span class=\"shariff-icon\" style=\"\"><svg width=\"32px\" height=\"20px\" xmlns=\"http:\/\/www.w3.org\/2000\/svg\" viewBox=\"0 0 18 32\"><path fill=\"#3b5998\" d=\"M17.1 0.2v4.7h-2.8q-1.5 0-2.1 0.6t-0.5 1.9v3.4h5.2l-0.7 5.3h-4.5v13.6h-5.5v-13.6h-4.5v-5.3h4.5v-3.9q0-3.3 1.9-5.2t5-1.8q2.6 0 4.1 0.2z\"\/><\/svg><\/span><span class=\"shariff-text\">teilen<\/span>&nbsp;<\/a><\/li><li class=\"shariff-button twitter shariff-nocustomcolor\" style=\"background-color:#1e3050\"><a href=\"https:\/\/twitter.com\/share?url=https%3A%2F%2Fd-photography.org%2Fweb%2Fimageaufnahmen-vitos-teilhabe-gemeinnuetzige-gmbh%2F&text=Imageaufnahmen%20Vitos%20Teilhabe%20gemeinn%C3%BCtzige%20GmbH\" title=\"Bei X (Twitter) teilen\" aria-label=\"Bei X (Twitter) teilen\" role=\"button\" rel=\"noreferrernoopener nofollow\" class=\"shariff-link\" style=\"; background-color:#000000; color:#fff\" target=\"_blank\"><span class=\"shariff-icon\" style=\"\"><svg xmlns=\"http:\/\/www.w3.org\/2000\/svg\" height=\"1em\" viewBox=\"0 0 512 512\"><!--! Font Awesome Free 6.4.2 by @fontawesome - https:\/\/fontawesome.com License - https:\/\/fontawesome.com\/license (Commercial License) Copyright 2023 Fonticons, Inc. --><style>svg{fill:#ffffff}<\/style><path d=\"M389.2 48h70.6L305.6 224.2 487 464H345L233.7 318.6 106.5 464H35.8L200.7 275.5 26.8 48H172.4L272.9 180.9 389.2 48zM364.4 421.8h39.1L151.1 88h-42L364.4 421.8z\"\/><\/svg><\/span><span class=\"shariff-text\">twittern<\/span>&nbsp;<\/a><\/li><li class=\"shariff-button pinterest shariff-nocustomcolor\" style=\"background-color:#e70f18\"><a href=\"https:\/\/www.pinterest.com\/pin\/create\/link\/?url=https%3A%2F%2Fd-photography.org%2Fweb%2Fimageaufnahmen-vitos-teilhabe-gemeinnuetzige-gmbh%2F&media=https%3A%2F%2Fd-photography.org%2Fweb%2Fwp-content%2Fuploads%2F2017%2F11%2Fvitos-Idstein-Tag-1-95.jpg&description=Imageaufnahmen%20Vitos%20Teilhabe%20gemeinn%C3%BCtzige%20GmbH\" title=\"Bei Pinterest pinnen\" aria-label=\"Bei Pinterest pinnen\" role=\"button\" rel=\"noreferrernoopener nofollow\" class=\"shariff-link\" style=\"; background-color:#cb2027; color:#fff\" target=\"_blank\"><span class=\"shariff-icon\" style=\"\"><svg width=\"32px\" height=\"20px\" xmlns=\"http:\/\/www.w3.org\/2000\/svg\" viewBox=\"0 0 27 32\"><path fill=\"#cb2027\" d=\"M27.4 16q0 3.7-1.8 6.9t-5 5-6.9 1.9q-2 0-3.9-0.6 1.1-1.7 1.4-2.9 0.2-0.6 1-3.8 0.4 0.7 1.3 1.2t2 0.5q2.1 0 3.8-1.2t2.7-3.4 0.9-4.8q0-2-1.1-3.8t-3.1-2.9-4.5-1.2q-1.9 0-3.5 0.5t-2.8 1.4-2 2-1.2 2.3-0.4 2.4q0 1.9 0.7 3.3t2.1 2q0.5 0.2 0.7-0.4 0-0.1 0.1-0.5t0.2-0.5q0.1-0.4-0.2-0.8-0.9-1.1-0.9-2.7 0-2.7 1.9-4.6t4.9-2q2.7 0 4.2 1.5t1.5 3.8q0 3-1.2 5.2t-3.1 2.1q-1.1 0-1.7-0.8t-0.4-1.9q0.1-0.6 0.5-1.7t0.5-1.8 0.2-1.4q0-0.9-0.5-1.5t-1.4-0.6q-1.1 0-1.9 1t-0.8 2.6q0 1.3 0.4 2.2l-1.8 7.5q-0.3 1.2-0.2 3.2-3.7-1.6-6-5t-2.3-7.6q0-3.7 1.9-6.9t5-5 6.9-1.9 6.9 1.9 5 5 1.8 6.9z\"\/><\/svg><\/span><span class=\"shariff-text\">merken<\/span>&nbsp;<\/a><\/li><li class=\"shariff-button rss shariff-nocustomcolor\" style=\"background-color:#ff8c00\"><a href=\"https:\/\/d-photography.org\/web\/feed\/rss\/\" title=\"RSS-feed\" aria-label=\"RSS-feed\" role=\"button\" class=\"shariff-link\" style=\"; background-color:#fe9312; color:#fff\" target=\"_blank\"><span class=\"shariff-icon\" style=\"\"><svg width=\"32px\" height=\"20px\" xmlns=\"http:\/\/www.w3.org\/2000\/svg\" viewBox=\"0 0 32 32\"><path fill=\"#fe9312\" d=\"M4.3 23.5c-2.3 0-4.3 1.9-4.3 4.3 0 2.3 1.9 4.2 4.3 4.2 2.4 0 4.3-1.9 4.3-4.2 0-2.3-1.9-4.3-4.3-4.3zM0 10.9v6.1c4 0 7.7 1.6 10.6 4.4 2.8 2.8 4.4 6.6 4.4 10.6h6.2c0-11.7-9.5-21.1-21.1-21.1zM0 0v6.1c14.2 0 25.8 11.6 25.8 25.9h6.2c0-17.6-14.4-32-32-32z\"\/><\/svg><\/span><span class=\"shariff-text\">RSS-feed<\/span>&nbsp;<\/a><\/li><\/ul><\/div>","protected":false},"excerpt":{"rendered":"<p>F\u00fcr die Vitos Teilhabe gemeinn\u00fctzige GmbH reiste ich in diesem Jahr quer durch Hessen und fotografierte den Alltag der Bewohner in den dortigen Einrichtungen. Dabei lernte ich ganz besondere Menschen kennen, nahm viele Eindr\u00fccke mit und hatte viel Spa\u00df bei den Shootings. Hier gibts ein paar Ergebnisse. Im Fr\u00fchjahr geht dieses besondere Projekt weiter.<\/p>\n","protected":false},"author":2,"featured_media":5283,"comment_status":"closed","ping_status":"closed","sticky":false,"template":"","format":"standard","meta":{"footnotes":""},"categories":[40],"tags":[],"class_list":["post-5227","post","type-post","status-publish","format-standard","has-post-thumbnail","hentry","category-projekte"],"_links":{"self":[{"href":"https:\/\/d-photography.org\/web\/wp-json\/wp\/v2\/posts\/5227"}],"collection":[{"href":"https:\/\/d-photography.org\/web\/wp-json\/wp\/v2\/posts"}],"about":[{"href":"https:\/\/d-photography.org\/web\/wp-json\/wp\/v2\/types\/post"}],"author":[{"embeddable":true,"href":"https:\/\/d-photography.org\/web\/wp-json\/wp\/v2\/users\/2"}],"replies":[{"embeddable":true,"href":"https:\/\/d-photography.org\/web\/wp-json\/wp\/v2\/comments?post=5227"}],"version-history":[{"count":2,"href":"https:\/\/d-photography.org\/web\/wp-json\/wp\/v2\/posts\/5227\/revisions"}],"predecessor-version":[{"id":5282,"href":"https:\/\/d-photography.org\/web\/wp-json\/wp\/v2\/posts\/5227\/revisions\/5282"}],"wp:featuredmedia":[{"embeddable":true,"href":"https:\/\/d-photography.org\/web\/wp-json\/wp\/v2\/media\/5283"}],"wp:attachment":[{"href":"https:\/\/d-photography.org\/web\/wp-json\/wp\/v2\/media?parent=5227"}],"wp:term":[{"taxonomy":"category","embeddable":true,"href":"https:\/\/d-photography.org\/web\/wp-json\/wp\/v2\/categories?post=5227"},{"taxonomy":"post_tag","embeddable":true,"href":"https:\/\/d-photography.org\/web\/wp-json\/wp\/v2\/tags?post=5227"}],"curies":[{"name":"wp","href":"https:\/\/api.w.org\/{rel}","templated":true}]}}