{"id":4731,"date":"2016-08-10T20:55:57","date_gmt":"2016-08-10T19:55:57","guid":{"rendered":"http:\/\/d-photography.org\/main\/?p=4731"},"modified":"2018-07-23T21:01:43","modified_gmt":"2018-07-23T19:01:43","slug":"fotoshooting-mit-dem-hessentagspaar-2017","status":"publish","type":"post","link":"https:\/\/d-photography.org\/web\/fotoshooting-mit-dem-hessentagspaar-2017\/","title":{"rendered":"Fotoshooting mit dem Hessentagspaar 2017"},"content":{"rendered":"<p>F\u00fcr die Stadt R\u00fcsselsheim war ich am vergangenen Wochenende mit dem Hessentagspaar unterwegs, um an verschiedenen bekannten R\u00fcsselsheimer Orten die offiziellen Bilder aufzunehmen. <\/p>\n<p>Hier ein paar Ergebnisse <\/p>\n<p><a href=\"https:\/\/d-photography.org\/main\/wp-content\/uploads\/2016\/08\/Shooting-Hessentagspaar-161.jpg\"><img loading=\"lazy\" decoding=\"async\" src=\"https:\/\/d-photography.org\/main\/wp-content\/uploads\/2016\/08\/Shooting-Hessentagspaar-161.jpg\" alt=\"Shooting Hessentagspaar-161\" width=\"1200\" height=\"800\" class=\"alignnone size-full wp-image-4738\" \/><\/a><\/p>\n<p><a href=\"https:\/\/d-photography.org\/main\/wp-content\/uploads\/2016\/08\/Shooting-Hessentagspaar-67.jpg\"><img loading=\"lazy\" decoding=\"async\" src=\"https:\/\/d-photography.org\/main\/wp-content\/uploads\/2016\/08\/Shooting-Hessentagspaar-67.jpg\" alt=\"Shooting Hessentagspaar-67\" width=\"777\" height=\"1165\" class=\"alignnone size-full wp-image-4737\" \/><\/a><\/p>\n<p><a href=\"https:\/\/d-photography.org\/main\/wp-content\/uploads\/2016\/08\/Shooting-Hessentagspaar-203.jpg\"><img loading=\"lazy\" decoding=\"async\" src=\"https:\/\/d-photography.org\/main\/wp-content\/uploads\/2016\/08\/Shooting-Hessentagspaar-203.jpg\" alt=\"Shooting Hessentagspaar-203\" width=\"1200\" height=\"800\" class=\"alignnone size-full wp-image-4739\" \/><\/a><\/p>\n<p><a href=\"https:\/\/d-photography.org\/main\/wp-content\/uploads\/2016\/08\/Shooting-Hessentagspaar-244.jpg\"><img loading=\"lazy\" decoding=\"async\" src=\"https:\/\/d-photography.org\/main\/wp-content\/uploads\/2016\/08\/Shooting-Hessentagspaar-244.jpg\" alt=\"Shooting Hessentagspaar-244\" width=\"1200\" height=\"800\" class=\"alignnone size-full wp-image-4740\" \/><\/a><\/p>\n<p>Und noch ein kleines Making-Of, bei dem gut sichtbar ist, wie wichtig Kunstlicht sein kann.<\/p>\n<p>Ohne Kunstlicht aber bei starkem Sonnenschein ist es schwierig die Kontraste sowohl im Schatten als auch am Himmel auf einem Bild zu bannen. <\/p>\n<p><a href=\"https:\/\/d-photography.org\/main\/wp-content\/uploads\/2016\/08\/CF7Q4589.jpg\"><img loading=\"lazy\" decoding=\"async\" src=\"https:\/\/d-photography.org\/main\/wp-content\/uploads\/2016\/08\/CF7Q4589.jpg\" alt=\"CF7Q4589\" width=\"1200\" height=\"798\" class=\"alignnone size-full wp-image-4734\" \/><\/a><\/p>\n<p>Mit Kunstlicht kann man Abhilfe schaffen und die Szene entsprechend Ausleuchten, ohne den Himmel \u00fcberzubelichten.<\/p>\n<p><a href=\"https:\/\/d-photography.org\/main\/wp-content\/uploads\/2016\/08\/CF7Q4578.jpg\"><img loading=\"lazy\" decoding=\"async\" src=\"https:\/\/d-photography.org\/main\/wp-content\/uploads\/2016\/08\/CF7Q4578.jpg\" alt=\"CF7Q4578\" width=\"1200\" height=\"800\" class=\"alignnone size-full wp-image-4733\" \/><\/a><\/p>\n<p>Und noch zwei weitere Blicke hinter die Kulissen<\/p>\n<p><a href=\"https:\/\/d-photography.org\/main\/wp-content\/uploads\/2016\/08\/0U8A3410.jpg\"><img loading=\"lazy\" decoding=\"async\" src=\"https:\/\/d-photography.org\/main\/wp-content\/uploads\/2016\/08\/0U8A3410.jpg\" alt=\"0U8A3410\" width=\"1200\" height=\"800\" class=\"alignnone size-full wp-image-4732\" \/><\/a><\/p>\n<p><a href=\"https:\/\/d-photography.org\/main\/wp-content\/uploads\/2016\/08\/CF7Q4684.jpg\"><img loading=\"lazy\" decoding=\"async\" src=\"https:\/\/d-photography.org\/main\/wp-content\/uploads\/2016\/08\/CF7Q4684.jpg\" alt=\"CF7Q4684\" width=\"1200\" height=\"800\" class=\"alignnone size-full wp-image-4736\" \/><\/a><\/p>\n<p>Der Hessentag ist \u00fcbrigens n\u00e4chstes Jahr vom 9. bis 18. Juni 2017 in R\u00fcsselsheim am Main.<\/p>\n<div class=\"shariff shariff-align-center shariff-widget-align-flex-start shariff-buttonstretch\"><ul class=\"shariff-buttons theme-color orientation-horizontal buttonsize-medium\"><li class=\"shariff-button facebook shariff-nocustomcolor\" style=\"background-color:#4273c8\"><a href=\"https:\/\/www.facebook.com\/sharer\/sharer.php?u=https%3A%2F%2Fd-photography.org%2Fweb%2Ffotoshooting-mit-dem-hessentagspaar-2017%2F\" title=\"Bei Facebook teilen\" aria-label=\"Bei Facebook teilen\" role=\"button\" rel=\"noreferrernoopener nofollow\" class=\"shariff-link\" style=\"; background-color:#3b5998; color:#fff\" target=\"_blank\"><span class=\"shariff-icon\" style=\"\"><svg width=\"32px\" height=\"20px\" xmlns=\"http:\/\/www.w3.org\/2000\/svg\" viewBox=\"0 0 18 32\"><path fill=\"#3b5998\" d=\"M17.1 0.2v4.7h-2.8q-1.5 0-2.1 0.6t-0.5 1.9v3.4h5.2l-0.7 5.3h-4.5v13.6h-5.5v-13.6h-4.5v-5.3h4.5v-3.9q0-3.3 1.9-5.2t5-1.8q2.6 0 4.1 0.2z\"\/><\/svg><\/span><span class=\"shariff-text\">teilen<\/span>&nbsp;<\/a><\/li><li class=\"shariff-button twitter shariff-nocustomcolor\" style=\"background-color:#1e3050\"><a href=\"https:\/\/twitter.com\/share?url=https%3A%2F%2Fd-photography.org%2Fweb%2Ffotoshooting-mit-dem-hessentagspaar-2017%2F&text=Fotoshooting%20mit%20dem%20Hessentagspaar%202017\" title=\"Bei X (Twitter) teilen\" aria-label=\"Bei X (Twitter) teilen\" role=\"button\" rel=\"noreferrernoopener nofollow\" class=\"shariff-link\" style=\"; background-color:#000000; color:#fff\" target=\"_blank\"><span class=\"shariff-icon\" style=\"\"><svg xmlns=\"http:\/\/www.w3.org\/2000\/svg\" height=\"1em\" viewBox=\"0 0 512 512\"><!--! Font Awesome Free 6.4.2 by @fontawesome - https:\/\/fontawesome.com License - https:\/\/fontawesome.com\/license (Commercial License) Copyright 2023 Fonticons, Inc. --><style>svg{fill:#ffffff}<\/style><path d=\"M389.2 48h70.6L305.6 224.2 487 464H345L233.7 318.6 106.5 464H35.8L200.7 275.5 26.8 48H172.4L272.9 180.9 389.2 48zM364.4 421.8h39.1L151.1 88h-42L364.4 421.8z\"\/><\/svg><\/span><span class=\"shariff-text\">twittern<\/span>&nbsp;<\/a><\/li><li class=\"shariff-button pinterest shariff-nocustomcolor\" style=\"background-color:#e70f18\"><a href=\"https:\/\/www.pinterest.com\/pin\/create\/link\/?url=https%3A%2F%2Fd-photography.org%2Fweb%2Ffotoshooting-mit-dem-hessentagspaar-2017%2F&media=https%3A%2F%2Fd-photography.org%2Fweb%2Fwp-content%2Fuploads%2F2016%2F08%2FShooting-Hessentagspaar-67.jpg&description=Fotoshooting%20mit%20dem%20Hessentagspaar%202017\" title=\"Bei Pinterest pinnen\" aria-label=\"Bei Pinterest pinnen\" role=\"button\" rel=\"noreferrernoopener nofollow\" class=\"shariff-link\" style=\"; background-color:#cb2027; color:#fff\" target=\"_blank\"><span class=\"shariff-icon\" style=\"\"><svg width=\"32px\" height=\"20px\" xmlns=\"http:\/\/www.w3.org\/2000\/svg\" viewBox=\"0 0 27 32\"><path fill=\"#cb2027\" d=\"M27.4 16q0 3.7-1.8 6.9t-5 5-6.9 1.9q-2 0-3.9-0.6 1.1-1.7 1.4-2.9 0.2-0.6 1-3.8 0.4 0.7 1.3 1.2t2 0.5q2.1 0 3.8-1.2t2.7-3.4 0.9-4.8q0-2-1.1-3.8t-3.1-2.9-4.5-1.2q-1.9 0-3.5 0.5t-2.8 1.4-2 2-1.2 2.3-0.4 2.4q0 1.9 0.7 3.3t2.1 2q0.5 0.2 0.7-0.4 0-0.1 0.1-0.5t0.2-0.5q0.1-0.4-0.2-0.8-0.9-1.1-0.9-2.7 0-2.7 1.9-4.6t4.9-2q2.7 0 4.2 1.5t1.5 3.8q0 3-1.2 5.2t-3.1 2.1q-1.1 0-1.7-0.8t-0.4-1.9q0.1-0.6 0.5-1.7t0.5-1.8 0.2-1.4q0-0.9-0.5-1.5t-1.4-0.6q-1.1 0-1.9 1t-0.8 2.6q0 1.3 0.4 2.2l-1.8 7.5q-0.3 1.2-0.2 3.2-3.7-1.6-6-5t-2.3-7.6q0-3.7 1.9-6.9t5-5 6.9-1.9 6.9 1.9 5 5 1.8 6.9z\"\/><\/svg><\/span><span class=\"shariff-text\">merken<\/span>&nbsp;<\/a><\/li><li class=\"shariff-button rss shariff-nocustomcolor\" style=\"background-color:#ff8c00\"><a href=\"https:\/\/d-photography.org\/web\/feed\/rss\/\" title=\"RSS-feed\" aria-label=\"RSS-feed\" role=\"button\" class=\"shariff-link\" style=\"; background-color:#fe9312; color:#fff\" target=\"_blank\"><span class=\"shariff-icon\" style=\"\"><svg width=\"32px\" height=\"20px\" xmlns=\"http:\/\/www.w3.org\/2000\/svg\" viewBox=\"0 0 32 32\"><path fill=\"#fe9312\" d=\"M4.3 23.5c-2.3 0-4.3 1.9-4.3 4.3 0 2.3 1.9 4.2 4.3 4.2 2.4 0 4.3-1.9 4.3-4.2 0-2.3-1.9-4.3-4.3-4.3zM0 10.9v6.1c4 0 7.7 1.6 10.6 4.4 2.8 2.8 4.4 6.6 4.4 10.6h6.2c0-11.7-9.5-21.1-21.1-21.1zM0 0v6.1c14.2 0 25.8 11.6 25.8 25.9h6.2c0-17.6-14.4-32-32-32z\"\/><\/svg><\/span><span class=\"shariff-text\">RSS-feed<\/span>&nbsp;<\/a><\/li><\/ul><\/div>","protected":false},"excerpt":{"rendered":"<p>F\u00fcr die Stadt R\u00fcsselsheim war ich am vergangenen Wochenende mit dem Hessentagspaar unterwegs, um an verschiedenen bekannten R\u00fcsselsheimer Orten die offiziellen Bilder aufzunehmen. Hier ein paar Ergebnisse Und noch ein kleines Making-Of, bei dem gut sichtbar ist, wie wichtig Kunstlicht sein kann. Ohne Kunstlicht aber bei starkem Sonnenschein ist es schwierig die Kontraste sowohl im [&hellip;]<\/p>\n","protected":false},"author":2,"featured_media":5342,"comment_status":"closed","ping_status":"closed","sticky":false,"template":"","format":"standard","meta":{"footnotes":""},"categories":[38],"tags":[],"class_list":["post-4731","post","type-post","status-publish","format-standard","has-post-thumbnail","hentry","category-making-of"],"_links":{"self":[{"href":"https:\/\/d-photography.org\/web\/wp-json\/wp\/v2\/posts\/4731"}],"collection":[{"href":"https:\/\/d-photography.org\/web\/wp-json\/wp\/v2\/posts"}],"about":[{"href":"https:\/\/d-photography.org\/web\/wp-json\/wp\/v2\/types\/post"}],"author":[{"embeddable":true,"href":"https:\/\/d-photography.org\/web\/wp-json\/wp\/v2\/users\/2"}],"replies":[{"embeddable":true,"href":"https:\/\/d-photography.org\/web\/wp-json\/wp\/v2\/comments?post=4731"}],"version-history":[{"count":2,"href":"https:\/\/d-photography.org\/web\/wp-json\/wp\/v2\/posts\/4731\/revisions"}],"predecessor-version":[{"id":5341,"href":"https:\/\/d-photography.org\/web\/wp-json\/wp\/v2\/posts\/4731\/revisions\/5341"}],"wp:featuredmedia":[{"embeddable":true,"href":"https:\/\/d-photography.org\/web\/wp-json\/wp\/v2\/media\/5342"}],"wp:attachment":[{"href":"https:\/\/d-photography.org\/web\/wp-json\/wp\/v2\/media?parent=4731"}],"wp:term":[{"taxonomy":"category","embeddable":true,"href":"https:\/\/d-photography.org\/web\/wp-json\/wp\/v2\/categories?post=4731"},{"taxonomy":"post_tag","embeddable":true,"href":"https:\/\/d-photography.org\/web\/wp-json\/wp\/v2\/tags?post=4731"}],"curies":[{"name":"wp","href":"https:\/\/api.w.org\/{rel}","templated":true}]}}