{"id":4553,"date":"2016-02-25T01:11:09","date_gmt":"2016-02-25T00:11:09","guid":{"rendered":"http:\/\/d-photography.org\/main\/?p=4553"},"modified":"2018-07-23T21:22:16","modified_gmt":"2018-07-23T19:22:16","slug":"ausstellung-ueber-rallye-dakar","status":"publish","type":"post","link":"https:\/\/d-photography.org\/web\/ausstellung-ueber-rallye-dakar\/","title":{"rendered":"Ausstellung \u00fcber Rallye Dakar"},"content":{"rendered":"<p><a href=\"https:\/\/d-photography.org\/main\/wp-content\/uploads\/2016\/03\/CF7Q3237-2.jpg\"><img loading=\"lazy\" decoding=\"async\" src=\"https:\/\/d-photography.org\/main\/wp-content\/uploads\/2016\/03\/CF7Q3237-2.jpg\" alt=\"CF7Q3237 2\" width=\"1200\" height=\"800\" class=\"alignnone size-full wp-image-4559\" \/><\/a><\/p>\n<p>9332km &#8211; Das Abenteuer Rallye Dakar<br \/>\nHinter den Kulissen der h\u00e4rtesten Rallye der Welt <\/p>\n<p>Der Treburer Fotograf Dennis M\u00f6bus begleitete in diesem Jahr das Erfolgsteam X-raid aus Astheim bei der Rallye Dakar durch Argentinien und Bolivien und hielt dabei spannende Augenblicke hinter den Kulissen der Rennveranstaltung fest. Einblicke, die man in den Medien normalerweise so nicht sieht: \u00dcberm\u00fcdete Mechaniker und Rennfahrer an der Grenze Ihrer Belastbarkeit, aber auch beeindruckende Landschaften und Momentaufnahmen. M\u00f6bus versuchte vor allem den Alltag w\u00e4hrend der Rallye festzuhalten: Wo schl\u00e4ft das Team? Was wird gegessen? Wie sieht die K\u00fcche, die Toilette, oder die Dusche aus? Temperaturen von \u00fcber 40 Grad, H\u00f6hen von \u00fcber 4500 Meter, Unwetter, Sandst\u00fcrme, pralle Sonne machten den Alltag h\u00e4ufig schwer, lieferten auf der Reise durch S\u00fcdamerika aber auch viele spannende Erfahrungen, die der Fotograf dokumentiert hat. <\/p>\n<p>Bei der Vernissage der Ausstellung am 14. M\u00e4rz 2016 um 19.30 Uhr im Foyer der Kreissparkasse Gro\u00df-Gerau wird neben einem echten Rennwagen von der Rallye aus dem X-raid-Team, auch Videomaterial und weitere Aufnahmen von der besonderen Reise gezeigt. Sowohl Motorsportfans, wie Fotografiebegeisterte werden auf Ihre Kosten kommen, wird versprochen. Zudem gibt es einige spannende Geschichten, die zu den Fotos erz\u00e4hlt werden. Die Ausstellung kann anschlie\u00dfend bis zum 6. April w\u00e4hrend der \u00d6ffnungszeiten der Sparkasse besucht werden. <\/p>\n<p>Presseberichte zur Ausstellung: <\/p>\n<p><a href=\"https:\/\/www.echo-online.de\/lokales\/kreis-gross-gerau\/gross-gerau\/ohne-navi-quer-durch-die-wueste_16744500.htm\" target=\"_blank\">https:\/\/www.echo-online.de\/lokales\/kreis-gross-gerau\/gross-gerau\/ohne-navi-quer-durch-die-wueste_16744500.htm<\/a><\/p>\n<p><a href=\"https:\/\/www.ruesselsheimer-echo.de\/lokales\/ruesselsheim\/Strapazen-in-der-Wueste;art57641,1914582\" target=\"_blank\">https:\/\/www.ruesselsheimer-echo.de\/lokales\/ruesselsheim\/Strapazen-in-der-Wueste;art57641,1914582<\/a><\/p>\n<p>Weitere Impressionen<\/p>\n<p><a href=\"https:\/\/d-photography.org\/main\/wp-content\/uploads\/2016\/03\/CF7Q3216.jpg\"><img loading=\"lazy\" decoding=\"async\" src=\"https:\/\/d-photography.org\/main\/wp-content\/uploads\/2016\/03\/CF7Q3216.jpg\" alt=\"CF7Q3216\" width=\"1200\" height=\"800\" class=\"alignnone size-full wp-image-4562\" \/><\/a><\/p>\n<p><a href=\"https:\/\/d-photography.org\/main\/wp-content\/uploads\/2016\/03\/CF7Q3223.jpg\"><img loading=\"lazy\" decoding=\"async\" src=\"https:\/\/d-photography.org\/main\/wp-content\/uploads\/2016\/03\/CF7Q3223.jpg\" alt=\"CF7Q3223\" width=\"1200\" height=\"800\" class=\"alignnone size-full wp-image-4563\" \/><\/a><\/p>\n<p><a href=\"https:\/\/d-photography.org\/main\/wp-content\/uploads\/2016\/03\/Unbenanntes_Panorama1.jpg\"><img loading=\"lazy\" decoding=\"async\" src=\"https:\/\/d-photography.org\/main\/wp-content\/uploads\/2016\/03\/Unbenanntes_Panorama1.jpg\" alt=\"Unbenanntes_Panorama1\" width=\"1200\" height=\"688\" class=\"alignnone size-full wp-image-4565\" \/><\/a><\/p>\n<p><a href=\"https:\/\/d-photography.org\/main\/wp-content\/uploads\/2016\/03\/CF7Q3229.jpg\"><img loading=\"lazy\" decoding=\"async\" src=\"https:\/\/d-photography.org\/main\/wp-content\/uploads\/2016\/03\/CF7Q3229.jpg\" alt=\"CF7Q3229\" width=\"1200\" height=\"800\" class=\"alignnone size-full wp-image-4564\" \/><\/a><\/p>\n<div class=\"shariff shariff-align-center shariff-widget-align-flex-start shariff-buttonstretch\"><ul class=\"shariff-buttons theme-color orientation-horizontal buttonsize-medium\"><li class=\"shariff-button facebook shariff-nocustomcolor\" style=\"background-color:#4273c8\"><a href=\"https:\/\/www.facebook.com\/sharer\/sharer.php?u=https%3A%2F%2Fd-photography.org%2Fweb%2Fausstellung-ueber-rallye-dakar%2F\" title=\"Bei Facebook teilen\" aria-label=\"Bei Facebook teilen\" role=\"button\" rel=\"noreferrernoopener nofollow\" class=\"shariff-link\" style=\"; background-color:#3b5998; color:#fff\" target=\"_blank\"><span class=\"shariff-icon\" style=\"\"><svg width=\"32px\" height=\"20px\" xmlns=\"http:\/\/www.w3.org\/2000\/svg\" viewBox=\"0 0 18 32\"><path fill=\"#3b5998\" d=\"M17.1 0.2v4.7h-2.8q-1.5 0-2.1 0.6t-0.5 1.9v3.4h5.2l-0.7 5.3h-4.5v13.6h-5.5v-13.6h-4.5v-5.3h4.5v-3.9q0-3.3 1.9-5.2t5-1.8q2.6 0 4.1 0.2z\"\/><\/svg><\/span><span class=\"shariff-text\">teilen<\/span>&nbsp;<\/a><\/li><li class=\"shariff-button twitter shariff-nocustomcolor\" style=\"background-color:#1e3050\"><a href=\"https:\/\/twitter.com\/share?url=https%3A%2F%2Fd-photography.org%2Fweb%2Fausstellung-ueber-rallye-dakar%2F&text=Ausstellung%20%C3%BCber%20Rallye%20Dakar\" title=\"Bei X (Twitter) teilen\" aria-label=\"Bei X (Twitter) teilen\" role=\"button\" rel=\"noreferrernoopener nofollow\" class=\"shariff-link\" style=\"; background-color:#000000; color:#fff\" target=\"_blank\"><span class=\"shariff-icon\" style=\"\"><svg xmlns=\"http:\/\/www.w3.org\/2000\/svg\" height=\"1em\" viewBox=\"0 0 512 512\"><!--! Font Awesome Free 6.4.2 by @fontawesome - https:\/\/fontawesome.com License - https:\/\/fontawesome.com\/license (Commercial License) Copyright 2023 Fonticons, Inc. --><style>svg{fill:#ffffff}<\/style><path d=\"M389.2 48h70.6L305.6 224.2 487 464H345L233.7 318.6 106.5 464H35.8L200.7 275.5 26.8 48H172.4L272.9 180.9 389.2 48zM364.4 421.8h39.1L151.1 88h-42L364.4 421.8z\"\/><\/svg><\/span><span class=\"shariff-text\">twittern<\/span>&nbsp;<\/a><\/li><li class=\"shariff-button pinterest shariff-nocustomcolor\" style=\"background-color:#e70f18\"><a href=\"https:\/\/www.pinterest.com\/pin\/create\/link\/?url=https%3A%2F%2Fd-photography.org%2Fweb%2Fausstellung-ueber-rallye-dakar%2F&media=https%3A%2F%2Fd-photography.org%2Fweb%2Fwp-content%2Fuploads%2F2016%2F02%2FCF7Q3237-2.jpg&description=Ausstellung%20%C3%BCber%20Rallye%20Dakar\" title=\"Bei Pinterest pinnen\" aria-label=\"Bei Pinterest pinnen\" role=\"button\" rel=\"noreferrernoopener nofollow\" class=\"shariff-link\" style=\"; background-color:#cb2027; color:#fff\" target=\"_blank\"><span class=\"shariff-icon\" style=\"\"><svg width=\"32px\" height=\"20px\" xmlns=\"http:\/\/www.w3.org\/2000\/svg\" viewBox=\"0 0 27 32\"><path fill=\"#cb2027\" d=\"M27.4 16q0 3.7-1.8 6.9t-5 5-6.9 1.9q-2 0-3.9-0.6 1.1-1.7 1.4-2.9 0.2-0.6 1-3.8 0.4 0.7 1.3 1.2t2 0.5q2.1 0 3.8-1.2t2.7-3.4 0.9-4.8q0-2-1.1-3.8t-3.1-2.9-4.5-1.2q-1.9 0-3.5 0.5t-2.8 1.4-2 2-1.2 2.3-0.4 2.4q0 1.9 0.7 3.3t2.1 2q0.5 0.2 0.7-0.4 0-0.1 0.1-0.5t0.2-0.5q0.1-0.4-0.2-0.8-0.9-1.1-0.9-2.7 0-2.7 1.9-4.6t4.9-2q2.7 0 4.2 1.5t1.5 3.8q0 3-1.2 5.2t-3.1 2.1q-1.1 0-1.7-0.8t-0.4-1.9q0.1-0.6 0.5-1.7t0.5-1.8 0.2-1.4q0-0.9-0.5-1.5t-1.4-0.6q-1.1 0-1.9 1t-0.8 2.6q0 1.3 0.4 2.2l-1.8 7.5q-0.3 1.2-0.2 3.2-3.7-1.6-6-5t-2.3-7.6q0-3.7 1.9-6.9t5-5 6.9-1.9 6.9 1.9 5 5 1.8 6.9z\"\/><\/svg><\/span><span class=\"shariff-text\">merken<\/span>&nbsp;<\/a><\/li><li class=\"shariff-button rss shariff-nocustomcolor\" style=\"background-color:#ff8c00\"><a href=\"https:\/\/d-photography.org\/web\/feed\/rss\/\" title=\"RSS-feed\" aria-label=\"RSS-feed\" role=\"button\" class=\"shariff-link\" style=\"; background-color:#fe9312; color:#fff\" target=\"_blank\"><span class=\"shariff-icon\" style=\"\"><svg width=\"32px\" height=\"20px\" xmlns=\"http:\/\/www.w3.org\/2000\/svg\" viewBox=\"0 0 32 32\"><path fill=\"#fe9312\" d=\"M4.3 23.5c-2.3 0-4.3 1.9-4.3 4.3 0 2.3 1.9 4.2 4.3 4.2 2.4 0 4.3-1.9 4.3-4.2 0-2.3-1.9-4.3-4.3-4.3zM0 10.9v6.1c4 0 7.7 1.6 10.6 4.4 2.8 2.8 4.4 6.6 4.4 10.6h6.2c0-11.7-9.5-21.1-21.1-21.1zM0 0v6.1c14.2 0 25.8 11.6 25.8 25.9h6.2c0-17.6-14.4-32-32-32z\"\/><\/svg><\/span><span class=\"shariff-text\">RSS-feed<\/span>&nbsp;<\/a><\/li><\/ul><\/div>","protected":false},"excerpt":{"rendered":"<p>9332km &#8211; Das Abenteuer Rallye Dakar Hinter den Kulissen der h\u00e4rtesten Rallye der Welt Der Treburer Fotograf Dennis M\u00f6bus begleitete in diesem Jahr das Erfolgsteam X-raid aus Astheim bei der Rallye Dakar durch Argentinien und Bolivien und hielt dabei spannende Augenblicke hinter den Kulissen der Rennveranstaltung fest. Einblicke, die man in den Medien normalerweise so [&hellip;]<\/p>\n","protected":false},"author":2,"featured_media":5364,"comment_status":"closed","ping_status":"closed","sticky":false,"template":"","format":"image","meta":{"footnotes":""},"categories":[1],"tags":[],"class_list":["post-4553","post","type-post","status-publish","format-image","has-post-thumbnail","hentry","category-allgemein","post_format-post-format-image"],"_links":{"self":[{"href":"https:\/\/d-photography.org\/web\/wp-json\/wp\/v2\/posts\/4553"}],"collection":[{"href":"https:\/\/d-photography.org\/web\/wp-json\/wp\/v2\/posts"}],"about":[{"href":"https:\/\/d-photography.org\/web\/wp-json\/wp\/v2\/types\/post"}],"author":[{"embeddable":true,"href":"https:\/\/d-photography.org\/web\/wp-json\/wp\/v2\/users\/2"}],"replies":[{"embeddable":true,"href":"https:\/\/d-photography.org\/web\/wp-json\/wp\/v2\/comments?post=4553"}],"version-history":[{"count":2,"href":"https:\/\/d-photography.org\/web\/wp-json\/wp\/v2\/posts\/4553\/revisions"}],"predecessor-version":[{"id":5363,"href":"https:\/\/d-photography.org\/web\/wp-json\/wp\/v2\/posts\/4553\/revisions\/5363"}],"wp:featuredmedia":[{"embeddable":true,"href":"https:\/\/d-photography.org\/web\/wp-json\/wp\/v2\/media\/5364"}],"wp:attachment":[{"href":"https:\/\/d-photography.org\/web\/wp-json\/wp\/v2\/media?parent=4553"}],"wp:term":[{"taxonomy":"category","embeddable":true,"href":"https:\/\/d-photography.org\/web\/wp-json\/wp\/v2\/categories?post=4553"},{"taxonomy":"post_tag","embeddable":true,"href":"https:\/\/d-photography.org\/web\/wp-json\/wp\/v2\/tags?post=4553"}],"curies":[{"name":"wp","href":"https:\/\/api.w.org\/{rel}","templated":true}]}}