{"id":4466,"date":"2015-12-09T00:04:09","date_gmt":"2015-12-08T23:04:09","guid":{"rendered":"http:\/\/d-photography.org\/main\/?p=4466"},"modified":"2018-07-23T21:32:06","modified_gmt":"2018-07-23T19:32:06","slug":"architekturfotograf-suedzucker-hauptverwaltung-mannheim","status":"publish","type":"post","link":"https:\/\/d-photography.org\/web\/architekturfotograf-suedzucker-hauptverwaltung-mannheim\/","title":{"rendered":"Architekturfotograf S\u00fcdzucker Hauptverwaltung Mannheim"},"content":{"rendered":"<p>Als Haus- und Hof-Fotograf der S\u00fcdzucker AG war es gestern meine Aufgabe die neu gebaute Hauptverwaltung in Mannheim ins rechte Licht zu r\u00fccken. Wenn das Licht manchmal dann nicht ganz perfekt passt, oder Schatten durch die Sonne entstehen, ist h\u00e4ufig Nachbearbeitung n\u00f6tig. Eine gute Postproduktion ist dann immer Gold wert. Was aus einem Bild noch rauszuholen ist zeigt ein Beispiel der gestrigen Serie, das nur in Lightroom nachbearbeitet wurde.<\/p>\n<p>Vorher (Rohaufnahme, RAW)<\/p>\n<p><a href=\"https:\/\/d-photography.org\/main\/wp-content\/uploads\/2015\/12\/Su\u0308dzucker-Mannheim-31.jpg\"><img loading=\"lazy\" decoding=\"async\" src=\"https:\/\/d-photography.org\/main\/wp-content\/uploads\/2015\/12\/Su\u0308dzucker-Mannheim-31.jpg\" alt=\"Su\u0308dzucker Mannheim-31\" width=\"1200\" height=\"800\" class=\"alignnone size-full wp-image-4469\" \/><\/a><\/p>\n<p>Nachher (Lightroom-Grobretusche)<\/p>\n<p><a href=\"https:\/\/d-photography.org\/main\/wp-content\/uploads\/2015\/12\/Abschlussdokumentation-Su\u0308dzucker-7.12.2015-203.jpg\"><img loading=\"lazy\" decoding=\"async\" src=\"https:\/\/d-photography.org\/main\/wp-content\/uploads\/2015\/12\/Abschlussdokumentation-Su\u0308dzucker-7.12.2015-203.jpg\" alt=\"Abschlussdokumentation Su\u0308dzucker 7.12.2015-203\" width=\"1200\" height=\"800\" class=\"alignnone size-full wp-image-4467\" \/><\/a><\/p>\n<p>Mehr Bilder gibts hier: <a href=\"https:\/\/d-photography.org\/main\/portfolio\/suedzucker-hauptverwaltung-mannheim\/\" target=\"_blank\">https:\/\/d-photography.org\/main\/portfolio\/suedzucker-hauptverwaltung-mannheim\/<\/a><\/p>\n<div class=\"shariff shariff-align-center shariff-widget-align-flex-start shariff-buttonstretch\"><ul class=\"shariff-buttons theme-color orientation-horizontal buttonsize-medium\"><li class=\"shariff-button facebook shariff-nocustomcolor\" style=\"background-color:#4273c8\"><a href=\"https:\/\/www.facebook.com\/sharer\/sharer.php?u=https%3A%2F%2Fd-photography.org%2Fweb%2Farchitekturfotograf-suedzucker-hauptverwaltung-mannheim%2F\" title=\"Bei Facebook teilen\" aria-label=\"Bei Facebook teilen\" role=\"button\" rel=\"noreferrernoopener nofollow\" class=\"shariff-link\" style=\"; background-color:#3b5998; color:#fff\" target=\"_blank\"><span class=\"shariff-icon\" style=\"\"><svg width=\"32px\" height=\"20px\" xmlns=\"http:\/\/www.w3.org\/2000\/svg\" viewBox=\"0 0 18 32\"><path fill=\"#3b5998\" d=\"M17.1 0.2v4.7h-2.8q-1.5 0-2.1 0.6t-0.5 1.9v3.4h5.2l-0.7 5.3h-4.5v13.6h-5.5v-13.6h-4.5v-5.3h4.5v-3.9q0-3.3 1.9-5.2t5-1.8q2.6 0 4.1 0.2z\"\/><\/svg><\/span><span class=\"shariff-text\">teilen<\/span>&nbsp;<\/a><\/li><li class=\"shariff-button twitter shariff-nocustomcolor\" style=\"background-color:#1e3050\"><a href=\"https:\/\/twitter.com\/share?url=https%3A%2F%2Fd-photography.org%2Fweb%2Farchitekturfotograf-suedzucker-hauptverwaltung-mannheim%2F&text=Architekturfotograf%20S%C3%BCdzucker%20Hauptverwaltung%20Mannheim\" title=\"Bei X (Twitter) teilen\" aria-label=\"Bei X (Twitter) teilen\" role=\"button\" rel=\"noreferrernoopener nofollow\" class=\"shariff-link\" style=\"; background-color:#000000; color:#fff\" target=\"_blank\"><span class=\"shariff-icon\" style=\"\"><svg xmlns=\"http:\/\/www.w3.org\/2000\/svg\" height=\"1em\" viewBox=\"0 0 512 512\"><!--! Font Awesome Free 6.4.2 by @fontawesome - https:\/\/fontawesome.com License - https:\/\/fontawesome.com\/license (Commercial License) Copyright 2023 Fonticons, Inc. --><style>svg{fill:#ffffff}<\/style><path d=\"M389.2 48h70.6L305.6 224.2 487 464H345L233.7 318.6 106.5 464H35.8L200.7 275.5 26.8 48H172.4L272.9 180.9 389.2 48zM364.4 421.8h39.1L151.1 88h-42L364.4 421.8z\"\/><\/svg><\/span><span class=\"shariff-text\">twittern<\/span>&nbsp;<\/a><\/li><li class=\"shariff-button pinterest shariff-nocustomcolor\" style=\"background-color:#e70f18\"><a href=\"https:\/\/www.pinterest.com\/pin\/create\/link\/?url=https%3A%2F%2Fd-photography.org%2Fweb%2Farchitekturfotograf-suedzucker-hauptverwaltung-mannheim%2F&media=https%3A%2F%2Fd-photography.org%2Fweb%2Fwp-content%2Fuploads%2F2015%2F12%2FSu%CC%88dzucker-Mannheim-31.jpg&description=Architekturfotograf%20S%C3%BCdzucker%20Hauptverwaltung%20Mannheim\" title=\"Bei Pinterest pinnen\" aria-label=\"Bei Pinterest pinnen\" role=\"button\" rel=\"noreferrernoopener nofollow\" class=\"shariff-link\" style=\"; background-color:#cb2027; color:#fff\" target=\"_blank\"><span class=\"shariff-icon\" style=\"\"><svg width=\"32px\" height=\"20px\" xmlns=\"http:\/\/www.w3.org\/2000\/svg\" viewBox=\"0 0 27 32\"><path fill=\"#cb2027\" d=\"M27.4 16q0 3.7-1.8 6.9t-5 5-6.9 1.9q-2 0-3.9-0.6 1.1-1.7 1.4-2.9 0.2-0.6 1-3.8 0.4 0.7 1.3 1.2t2 0.5q2.1 0 3.8-1.2t2.7-3.4 0.9-4.8q0-2-1.1-3.8t-3.1-2.9-4.5-1.2q-1.9 0-3.5 0.5t-2.8 1.4-2 2-1.2 2.3-0.4 2.4q0 1.9 0.7 3.3t2.1 2q0.5 0.2 0.7-0.4 0-0.1 0.1-0.5t0.2-0.5q0.1-0.4-0.2-0.8-0.9-1.1-0.9-2.7 0-2.7 1.9-4.6t4.9-2q2.7 0 4.2 1.5t1.5 3.8q0 3-1.2 5.2t-3.1 2.1q-1.1 0-1.7-0.8t-0.4-1.9q0.1-0.6 0.5-1.7t0.5-1.8 0.2-1.4q0-0.9-0.5-1.5t-1.4-0.6q-1.1 0-1.9 1t-0.8 2.6q0 1.3 0.4 2.2l-1.8 7.5q-0.3 1.2-0.2 3.2-3.7-1.6-6-5t-2.3-7.6q0-3.7 1.9-6.9t5-5 6.9-1.9 6.9 1.9 5 5 1.8 6.9z\"\/><\/svg><\/span><span class=\"shariff-text\">merken<\/span>&nbsp;<\/a><\/li><li class=\"shariff-button rss shariff-nocustomcolor\" style=\"background-color:#ff8c00\"><a href=\"https:\/\/d-photography.org\/web\/feed\/rss\/\" title=\"RSS-feed\" aria-label=\"RSS-feed\" role=\"button\" class=\"shariff-link\" style=\"; background-color:#fe9312; color:#fff\" target=\"_blank\"><span class=\"shariff-icon\" style=\"\"><svg width=\"32px\" height=\"20px\" xmlns=\"http:\/\/www.w3.org\/2000\/svg\" viewBox=\"0 0 32 32\"><path fill=\"#fe9312\" d=\"M4.3 23.5c-2.3 0-4.3 1.9-4.3 4.3 0 2.3 1.9 4.2 4.3 4.2 2.4 0 4.3-1.9 4.3-4.2 0-2.3-1.9-4.3-4.3-4.3zM0 10.9v6.1c4 0 7.7 1.6 10.6 4.4 2.8 2.8 4.4 6.6 4.4 10.6h6.2c0-11.7-9.5-21.1-21.1-21.1zM0 0v6.1c14.2 0 25.8 11.6 25.8 25.9h6.2c0-17.6-14.4-32-32-32z\"\/><\/svg><\/span><span class=\"shariff-text\">RSS-feed<\/span>&nbsp;<\/a><\/li><\/ul><\/div>","protected":false},"excerpt":{"rendered":"<p>Als Haus- und Hof-Fotograf der S\u00fcdzucker AG war es gestern meine Aufgabe die neu gebaute Hauptverwaltung in Mannheim ins rechte Licht zu r\u00fccken. Wenn das Licht manchmal dann nicht ganz perfekt passt, oder Schatten durch die Sonne entstehen, ist h\u00e4ufig Nachbearbeitung n\u00f6tig. Eine gute Postproduktion ist dann immer Gold wert. Was aus einem Bild noch [&hellip;]<\/p>\n","protected":false},"author":2,"featured_media":5382,"comment_status":"closed","ping_status":"closed","sticky":false,"template":"","format":"image","meta":{"footnotes":""},"categories":[40],"tags":[],"class_list":["post-4466","post","type-post","status-publish","format-image","has-post-thumbnail","hentry","category-projekte","post_format-post-format-image"],"_links":{"self":[{"href":"https:\/\/d-photography.org\/web\/wp-json\/wp\/v2\/posts\/4466"}],"collection":[{"href":"https:\/\/d-photography.org\/web\/wp-json\/wp\/v2\/posts"}],"about":[{"href":"https:\/\/d-photography.org\/web\/wp-json\/wp\/v2\/types\/post"}],"author":[{"embeddable":true,"href":"https:\/\/d-photography.org\/web\/wp-json\/wp\/v2\/users\/2"}],"replies":[{"embeddable":true,"href":"https:\/\/d-photography.org\/web\/wp-json\/wp\/v2\/comments?post=4466"}],"version-history":[{"count":2,"href":"https:\/\/d-photography.org\/web\/wp-json\/wp\/v2\/posts\/4466\/revisions"}],"predecessor-version":[{"id":5381,"href":"https:\/\/d-photography.org\/web\/wp-json\/wp\/v2\/posts\/4466\/revisions\/5381"}],"wp:featuredmedia":[{"embeddable":true,"href":"https:\/\/d-photography.org\/web\/wp-json\/wp\/v2\/media\/5382"}],"wp:attachment":[{"href":"https:\/\/d-photography.org\/web\/wp-json\/wp\/v2\/media?parent=4466"}],"wp:term":[{"taxonomy":"category","embeddable":true,"href":"https:\/\/d-photography.org\/web\/wp-json\/wp\/v2\/categories?post=4466"},{"taxonomy":"post_tag","embeddable":true,"href":"https:\/\/d-photography.org\/web\/wp-json\/wp\/v2\/tags?post=4466"}],"curies":[{"name":"wp","href":"https:\/\/api.w.org\/{rel}","templated":true}]}}