{"id":3339,"date":"2014-02-26T14:46:00","date_gmt":"2014-02-26T13:46:00","guid":{"rendered":"http:\/\/d-photography.org\/main\/?p=3339"},"modified":"2014-02-26T14:46:00","modified_gmt":"2014-02-26T13:46:00","slug":"feuerwehr-adam-shooting","status":"publish","type":"post","link":"https:\/\/d-photography.org\/web\/feuerwehr-adam-shooting\/","title":{"rendered":"Feuerwehr-Adam-Shooting"},"content":{"rendered":"<p>Nachdem es in diesem Jahr keinen Feuerwehrkalender gab, da wir eine kreative Pause eingelegt hatten. Wird es im n\u00e4chsten Jahr zum 75-j\u00e4hrigen Jubil\u00e4um der Freiwilligen Feuerwehr Trebur wieder einen echten Knallerkalender geben. Das erste Shooting dazu fand bereits vor einigen Tagen in Zusammenarbeit mit der Opel Special Vehicles GmbH (OSV) statt.<\/p>\n<p>Wir trafen uns daf\u00fcr in einer der leerstehenden Werkshallen des R\u00fcsselsheimer Autobauers zum Shooting mit dem Feuerwehr-Adam.<\/p>\n<p><a href=\"https:\/\/d-photography.org\/web\/wp-content\/uploads\/2014\/02\/Adam-Shooting-50-1.jpg\"><img loading=\"lazy\" decoding=\"async\" class=\"alignnone size-full wp-image-3340\" alt=\"Adam-Shooting-50\" src=\"https:\/\/d-photography.org\/web\/wp-content\/uploads\/2014\/02\/Adam-Shooting-50-1.jpg\" width=\"800\" height=\"534\" srcset=\"https:\/\/d-photography.org\/web\/wp-content\/uploads\/2014\/02\/Adam-Shooting-50-1.jpg 800w, https:\/\/d-photography.org\/web\/wp-content\/uploads\/2014\/02\/Adam-Shooting-50-1-300x200.jpg 300w, https:\/\/d-photography.org\/web\/wp-content\/uploads\/2014\/02\/Adam-Shooting-50-1-768x513.jpg 768w, https:\/\/d-photography.org\/web\/wp-content\/uploads\/2014\/02\/Adam-Shooting-50-1-705x471.jpg 705w, https:\/\/d-photography.org\/web\/wp-content\/uploads\/2014\/02\/Adam-Shooting-50-1-450x300.jpg 450w\" sizes=\"(max-width: 800px) 100vw, 800px\" \/><\/a><\/p>\n<p>Dort kamen dank Nebelmaschine bereits die ersten Rohbilder heraus.<\/p>\n<p><a href=\"https:\/\/d-photography.org\/web\/wp-content\/uploads\/2014\/02\/Adam-Shooting-62-1.jpg\"><img loading=\"lazy\" decoding=\"async\" class=\"alignnone size-full wp-image-3341\" alt=\"Adam-Shooting-62\" src=\"https:\/\/d-photography.org\/web\/wp-content\/uploads\/2014\/02\/Adam-Shooting-62-1.jpg\" width=\"800\" height=\"534\" srcset=\"https:\/\/d-photography.org\/web\/wp-content\/uploads\/2014\/02\/Adam-Shooting-62-1.jpg 800w, https:\/\/d-photography.org\/web\/wp-content\/uploads\/2014\/02\/Adam-Shooting-62-1-300x200.jpg 300w, https:\/\/d-photography.org\/web\/wp-content\/uploads\/2014\/02\/Adam-Shooting-62-1-768x513.jpg 768w, https:\/\/d-photography.org\/web\/wp-content\/uploads\/2014\/02\/Adam-Shooting-62-1-705x471.jpg 705w, https:\/\/d-photography.org\/web\/wp-content\/uploads\/2014\/02\/Adam-Shooting-62-1-450x300.jpg 450w\" sizes=\"(max-width: 800px) 100vw, 800px\" \/><\/a><\/p>\n<p>Im Anschluss ging es mit zwei aktiven Feuerwehrleuten weiter zum Studioshooting im &#8222;Adams&#8220;-Kost\u00fcm, passend zum Auto. In diesem Zusammenhang geht ein Dank an die G\u00e4rtnerei Noll in Trebur, die f\u00fcr die gr\u00fcne &#8222;Naturunterw\u00e4sche&#8220; sorgte.<\/p>\n<p><a href=\"https:\/\/d-photography.org\/web\/wp-content\/uploads\/2014\/02\/Unbenannt-16-1.jpg\"><img loading=\"lazy\" decoding=\"async\" class=\"alignnone size-full wp-image-3345\" alt=\"Unbenannt-1\" src=\"https:\/\/d-photography.org\/web\/wp-content\/uploads\/2014\/02\/Unbenannt-16-1.jpg\" width=\"800\" height=\"600\" srcset=\"https:\/\/d-photography.org\/web\/wp-content\/uploads\/2014\/02\/Unbenannt-16-1.jpg 800w, https:\/\/d-photography.org\/web\/wp-content\/uploads\/2014\/02\/Unbenannt-16-1-300x225.jpg 300w, https:\/\/d-photography.org\/web\/wp-content\/uploads\/2014\/02\/Unbenannt-16-1-768x576.jpg 768w, https:\/\/d-photography.org\/web\/wp-content\/uploads\/2014\/02\/Unbenannt-16-1-705x529.jpg 705w, https:\/\/d-photography.org\/web\/wp-content\/uploads\/2014\/02\/Unbenannt-16-1-450x338.jpg 450w\" sizes=\"(max-width: 800px) 100vw, 800px\" \/><\/a><\/p>\n<p>Jetz fehlte nur noch die dazu passende, brennende Feuerspur hinter dem Fahrzeug. Diese legten wir mit Benzin auf einem gro\u00dfen Platz aus und entz\u00fcndeten sie. Das Bild der brennenden Fahrspur sah im rohen dann so aus&#8230;<\/p>\n<p><a href=\"https:\/\/d-photography.org\/web\/wp-content\/uploads\/2014\/02\/IMG_2302-1.jpg\"><img loading=\"lazy\" decoding=\"async\" class=\"alignnone size-full wp-image-3344\" alt=\"IMG_2302\" src=\"https:\/\/d-photography.org\/web\/wp-content\/uploads\/2014\/02\/IMG_2302-1.jpg\" width=\"800\" height=\"534\" srcset=\"https:\/\/d-photography.org\/web\/wp-content\/uploads\/2014\/02\/IMG_2302-1.jpg 800w, https:\/\/d-photography.org\/web\/wp-content\/uploads\/2014\/02\/IMG_2302-1-300x200.jpg 300w, https:\/\/d-photography.org\/web\/wp-content\/uploads\/2014\/02\/IMG_2302-1-768x513.jpg 768w, https:\/\/d-photography.org\/web\/wp-content\/uploads\/2014\/02\/IMG_2302-1-705x471.jpg 705w, https:\/\/d-photography.org\/web\/wp-content\/uploads\/2014\/02\/IMG_2302-1-450x300.jpg 450w\" sizes=\"(max-width: 800px) 100vw, 800px\" \/><\/a><\/p>\n<p>In mehreren Stunden Arbeit wurden anschlie\u00dfend alle Bilder in Photoshop zusammengebaut. Die Datei dazu ist rund ein Gigabyte gro\u00df und ein Blick in die Ebenen\u00fcbersicht verr\u00e4t wieviel Arbeit dahinter steckte.<\/p>\n<p><a href=\"https:\/\/d-photography.org\/web\/wp-content\/uploads\/2014\/02\/Bildschirmfoto-2014-01-15-um-16.36.25-1.png\"><img loading=\"lazy\" decoding=\"async\" class=\"alignnone size-full wp-image-3342\" alt=\"Bildschirmfoto 2014-01-15 um 16.36.25\" src=\"https:\/\/d-photography.org\/web\/wp-content\/uploads\/2014\/02\/Bildschirmfoto-2014-01-15-um-16.36.25-1.png\" width=\"263\" height=\"864\" srcset=\"https:\/\/d-photography.org\/web\/wp-content\/uploads\/2014\/02\/Bildschirmfoto-2014-01-15-um-16.36.25-1.png 263w, https:\/\/d-photography.org\/web\/wp-content\/uploads\/2014\/02\/Bildschirmfoto-2014-01-15-um-16.36.25-1-91x300.png 91w, https:\/\/d-photography.org\/web\/wp-content\/uploads\/2014\/02\/Bildschirmfoto-2014-01-15-um-16.36.25-1-215x705.png 215w\" sizes=\"(max-width: 263px) 100vw, 263px\" \/><\/a><\/p>\n<p>Daf\u00fcr kann sich das fertige Ergebnis (oben) durchaus sehen lassen. Es wird unter anderem im neuen Feuerwehrkalender 2015 erscheinen, der Ende des Jahres ver\u00f6ffentlicht und wie immer f\u00fcr einen guten Zweck verkauft wird. Danke noch einmal an die Opel Special Vehicles GmbH (OSV), die die Idee dazu hatte. Die weiteren Kalenderbilder, die in den n\u00e4chsten Monaten geschossen werden, bleiben aber vorerst noch geheim. Eins darf aber schon jetzt verraten werden: Es werden wie immer echte Hingucker dabei sein.<\/p>\n<p>&nbsp;<\/p>\n<div class=\"shariff shariff-align-center shariff-widget-align-flex-start shariff-buttonstretch\"><ul class=\"shariff-buttons theme-color orientation-horizontal buttonsize-medium\"><li class=\"shariff-button facebook shariff-nocustomcolor\" style=\"background-color:#4273c8\"><a href=\"https:\/\/www.facebook.com\/sharer\/sharer.php?u=https%3A%2F%2Fd-photography.org%2Fweb%2Ffeuerwehr-adam-shooting%2F\" title=\"Bei Facebook teilen\" aria-label=\"Bei Facebook teilen\" role=\"button\" rel=\"noreferrernoopener nofollow\" class=\"shariff-link\" style=\"; background-color:#3b5998; color:#fff\" target=\"_blank\"><span class=\"shariff-icon\" style=\"\"><svg width=\"32px\" height=\"20px\" xmlns=\"http:\/\/www.w3.org\/2000\/svg\" viewBox=\"0 0 18 32\"><path fill=\"#3b5998\" d=\"M17.1 0.2v4.7h-2.8q-1.5 0-2.1 0.6t-0.5 1.9v3.4h5.2l-0.7 5.3h-4.5v13.6h-5.5v-13.6h-4.5v-5.3h4.5v-3.9q0-3.3 1.9-5.2t5-1.8q2.6 0 4.1 0.2z\"\/><\/svg><\/span><span class=\"shariff-text\">teilen<\/span>&nbsp;<\/a><\/li><li class=\"shariff-button twitter shariff-nocustomcolor\" style=\"background-color:#1e3050\"><a href=\"https:\/\/twitter.com\/share?url=https%3A%2F%2Fd-photography.org%2Fweb%2Ffeuerwehr-adam-shooting%2F&text=Feuerwehr-Adam-Shooting\" title=\"Bei X (Twitter) teilen\" aria-label=\"Bei X (Twitter) teilen\" role=\"button\" rel=\"noreferrernoopener nofollow\" class=\"shariff-link\" style=\"; background-color:#000000; color:#fff\" target=\"_blank\"><span class=\"shariff-icon\" style=\"\"><svg xmlns=\"http:\/\/www.w3.org\/2000\/svg\" height=\"1em\" viewBox=\"0 0 512 512\"><!--! Font Awesome Free 6.4.2 by @fontawesome - https:\/\/fontawesome.com License - https:\/\/fontawesome.com\/license (Commercial License) Copyright 2023 Fonticons, Inc. --><style>svg{fill:#ffffff}<\/style><path d=\"M389.2 48h70.6L305.6 224.2 487 464H345L233.7 318.6 106.5 464H35.8L200.7 275.5 26.8 48H172.4L272.9 180.9 389.2 48zM364.4 421.8h39.1L151.1 88h-42L364.4 421.8z\"\/><\/svg><\/span><span class=\"shariff-text\">twittern<\/span>&nbsp;<\/a><\/li><li class=\"shariff-button pinterest shariff-nocustomcolor\" style=\"background-color:#e70f18\"><a href=\"https:\/\/www.pinterest.com\/pin\/create\/link\/?url=https%3A%2F%2Fd-photography.org%2Fweb%2Ffeuerwehr-adam-shooting%2F&media=https%3A%2F%2Fd-photography.org%2Fweb%2Fwp-content%2Fuploads%2F2014%2F02%2FEntwurf12-1.jpg&description=Feuerwehr-Adam-Shooting\" title=\"Bei Pinterest pinnen\" aria-label=\"Bei Pinterest pinnen\" role=\"button\" rel=\"noreferrernoopener nofollow\" class=\"shariff-link\" style=\"; background-color:#cb2027; color:#fff\" target=\"_blank\"><span class=\"shariff-icon\" style=\"\"><svg width=\"32px\" height=\"20px\" xmlns=\"http:\/\/www.w3.org\/2000\/svg\" viewBox=\"0 0 27 32\"><path fill=\"#cb2027\" d=\"M27.4 16q0 3.7-1.8 6.9t-5 5-6.9 1.9q-2 0-3.9-0.6 1.1-1.7 1.4-2.9 0.2-0.6 1-3.8 0.4 0.7 1.3 1.2t2 0.5q2.1 0 3.8-1.2t2.7-3.4 0.9-4.8q0-2-1.1-3.8t-3.1-2.9-4.5-1.2q-1.9 0-3.5 0.5t-2.8 1.4-2 2-1.2 2.3-0.4 2.4q0 1.9 0.7 3.3t2.1 2q0.5 0.2 0.7-0.4 0-0.1 0.1-0.5t0.2-0.5q0.1-0.4-0.2-0.8-0.9-1.1-0.9-2.7 0-2.7 1.9-4.6t4.9-2q2.7 0 4.2 1.5t1.5 3.8q0 3-1.2 5.2t-3.1 2.1q-1.1 0-1.7-0.8t-0.4-1.9q0.1-0.6 0.5-1.7t0.5-1.8 0.2-1.4q0-0.9-0.5-1.5t-1.4-0.6q-1.1 0-1.9 1t-0.8 2.6q0 1.3 0.4 2.2l-1.8 7.5q-0.3 1.2-0.2 3.2-3.7-1.6-6-5t-2.3-7.6q0-3.7 1.9-6.9t5-5 6.9-1.9 6.9 1.9 5 5 1.8 6.9z\"\/><\/svg><\/span><span class=\"shariff-text\">merken<\/span>&nbsp;<\/a><\/li><li class=\"shariff-button rss shariff-nocustomcolor\" style=\"background-color:#ff8c00\"><a href=\"https:\/\/d-photography.org\/web\/feed\/rss\/\" title=\"RSS-feed\" aria-label=\"RSS-feed\" role=\"button\" class=\"shariff-link\" style=\"; background-color:#fe9312; color:#fff\" target=\"_blank\"><span class=\"shariff-icon\" style=\"\"><svg width=\"32px\" height=\"20px\" xmlns=\"http:\/\/www.w3.org\/2000\/svg\" viewBox=\"0 0 32 32\"><path fill=\"#fe9312\" d=\"M4.3 23.5c-2.3 0-4.3 1.9-4.3 4.3 0 2.3 1.9 4.2 4.3 4.2 2.4 0 4.3-1.9 4.3-4.2 0-2.3-1.9-4.3-4.3-4.3zM0 10.9v6.1c4 0 7.7 1.6 10.6 4.4 2.8 2.8 4.4 6.6 4.4 10.6h6.2c0-11.7-9.5-21.1-21.1-21.1zM0 0v6.1c14.2 0 25.8 11.6 25.8 25.9h6.2c0-17.6-14.4-32-32-32z\"\/><\/svg><\/span><span class=\"shariff-text\">RSS-feed<\/span>&nbsp;<\/a><\/li><\/ul><\/div>","protected":false},"excerpt":{"rendered":"<p>Nachdem es in diesem Jahr keinen Feuerwehrkalender gab, da wir eine kreative Pause eingelegt hatten. Wird es im n\u00e4chsten Jahr zum 75-j\u00e4hrigen Jubil\u00e4um der Freiwilligen Feuerwehr Trebur wieder einen echten Knallerkalender geben. Das erste Shooting dazu fand bereits vor einigen Tagen in Zusammenarbeit mit der Opel Special Vehicles GmbH (OSV) statt. Wir trafen uns daf\u00fcr [&hellip;]<\/p>\n","protected":false},"author":2,"featured_media":3355,"comment_status":"open","ping_status":"open","sticky":false,"template":"","format":"image","meta":{"footnotes":""},"categories":[1],"tags":[],"class_list":["post-3339","post","type-post","status-publish","format-image","has-post-thumbnail","hentry","category-allgemein","post_format-post-format-image"],"_links":{"self":[{"href":"https:\/\/d-photography.org\/web\/wp-json\/wp\/v2\/posts\/3339"}],"collection":[{"href":"https:\/\/d-photography.org\/web\/wp-json\/wp\/v2\/posts"}],"about":[{"href":"https:\/\/d-photography.org\/web\/wp-json\/wp\/v2\/types\/post"}],"author":[{"embeddable":true,"href":"https:\/\/d-photography.org\/web\/wp-json\/wp\/v2\/users\/2"}],"replies":[{"embeddable":true,"href":"https:\/\/d-photography.org\/web\/wp-json\/wp\/v2\/comments?post=3339"}],"version-history":[{"count":0,"href":"https:\/\/d-photography.org\/web\/wp-json\/wp\/v2\/posts\/3339\/revisions"}],"wp:featuredmedia":[{"embeddable":true,"href":"https:\/\/d-photography.org\/web\/wp-json\/wp\/v2\/media\/3355"}],"wp:attachment":[{"href":"https:\/\/d-photography.org\/web\/wp-json\/wp\/v2\/media?parent=3339"}],"wp:term":[{"taxonomy":"category","embeddable":true,"href":"https:\/\/d-photography.org\/web\/wp-json\/wp\/v2\/categories?post=3339"},{"taxonomy":"post_tag","embeddable":true,"href":"https:\/\/d-photography.org\/web\/wp-json\/wp\/v2\/tags?post=3339"}],"curies":[{"name":"wp","href":"https:\/\/api.w.org\/{rel}","templated":true}]}}